{"id":403,"date":"2023-07-01T08:00:21","date_gmt":"2023-07-01T10:00:21","guid":{"rendered":"http:\/\/blog.cancaonova.com\/paisecatequistas\/?p=403"},"modified":"2025-07-01T09:43:59","modified_gmt":"2025-07-01T11:43:59","slug":"preciosissimo-sangue-de-jesus","status":"publish","type":"post","link":"https:\/\/blog.cancaonova.com\/paisecatequistas\/preciosissimo-sangue-de-jesus\/","title":{"rendered":"Ora\u00e7\u00e3o de Consagra\u00e7\u00e3o ao Precios\u00edssimo Sangue de Jesus"},"content":{"rendered":"<p style=\"text-align: justify\">Neste m\u00eas, estaremos rezando, todos os dias, uma ora\u00e7\u00e3o nos consagrando ao\u00a0<b>Precios\u00edssimo\u00a0Sangue de Jesus<\/b>, e quero convid\u00e1-los a fazermos juntos uma rede de intercess\u00e3o pelas nossas crian\u00e7as, fam\u00edlias.<\/p>\n<p>Voc\u00ea pode escrever suas inten\u00e7\u00f5es e estaremos, nestes pr\u00f3ximos <strong>30 dias do m\u00eas de julho,<\/strong> clamando\u00a0o\u00a0<b>Precios\u00edssimo\u00a0Sangue de Jesus<\/b> por voc\u00ea!<\/p>\n<p>Acredite, a nossa ora\u00e7\u00e3o move o C\u00e9u!<\/p>\n<p><a href=\"http:\/\/blog.cancaonova.com\/paisecatequistas\/files\/2021\/07\/01-M\u00eas-do-Precioso-Sangue-de-Jesus-c\u00f3pia.jpg\"><img loading=\"lazy\" decoding=\"async\" class=\"wp-image-13195 alignnone\" src=\"http:\/\/blog.cancaonova.com\/paisecatequistas\/files\/2021\/07\/01-M\u00eas-do-Precioso-Sangue-de-Jesus-c\u00f3pia.jpg\" alt=\"\" width=\"827\" height=\"606\" srcset=\"https:\/\/blog.cancaonova.com\/paisecatequistas\/files\/2021\/07\/01-M\u00eas-do-Precioso-Sangue-de-Jesus-c\u00f3pia.jpg 2721w, https:\/\/blog.cancaonova.com\/paisecatequistas\/files\/2021\/07\/01-M\u00eas-do-Precioso-Sangue-de-Jesus-c\u00f3pia-300x220.jpg 300w, https:\/\/blog.cancaonova.com\/paisecatequistas\/files\/2021\/07\/01-M\u00eas-do-Precioso-Sangue-de-Jesus-c\u00f3pia-768x563.jpg 768w\" sizes=\"(max-width: 827px) 100vw, 827px\" \/><\/a><\/p>\n<p><strong>Clique<\/strong> na Consagra\u00e7\u00e3o ao Precios\u00edssimo Sangue de Jesus para imprimir<\/p>\n<p><a href=\"https:\/\/blog.cancaonova.com\/paisecatequistas\/files\/2023\/06\/consagra%C3%A7%C3%A3o-compactado.pdf\"><img loading=\"lazy\" decoding=\"async\" class=\" wp-image-14418 alignnone\" src=\"http:\/\/blog.cancaonova.com\/paisecatequistas\/files\/2023\/07\/consagra\u00e7\u00e3o-spj-1.jpg\" alt=\"\" width=\"1028\" height=\"1454\" srcset=\"https:\/\/blog.cancaonova.com\/paisecatequistas\/files\/2023\/07\/consagra\u00e7\u00e3o-spj-1.jpg 1414w, https:\/\/blog.cancaonova.com\/paisecatequistas\/files\/2023\/07\/consagra\u00e7\u00e3o-spj-1-212x300.jpg 212w, https:\/\/blog.cancaonova.com\/paisecatequistas\/files\/2023\/07\/consagra\u00e7\u00e3o-spj-1-768x1086.jpg 768w\" sizes=\"(max-width: 1028px) 100vw, 1028px\" \/><\/a><\/p>\n<p><iframe loading=\"lazy\" title=\"Pe. Jonas ensina: Jesus eu preciso do teu sangue\" width=\"600\" height=\"338\" src=\"https:\/\/www.youtube.com\/embed\/lj-ldBub5-U?feature=oembed&amp;rel=0\" frameborder=\"0\" allow=\"accelerometer; autoplay; clipboard-write; encrypted-media; gyroscope; picture-in-picture; web-share\" referrerpolicy=\"strict-origin-when-cross-origin\" allowfullscreen><\/iframe><\/p>\n","protected":false},"excerpt":{"rendered":"<p>Neste m\u00eas, estaremos rezando, todos os dias, uma ora\u00e7\u00e3o nos consagrando ao\u00a0Precios\u00edssimo\u00a0Sangue de Jesus, e quero convid\u00e1-los a fazermos juntos uma rede de intercess\u00e3o pelas nossas crian\u00e7as, fam\u00edlias. Voc\u00ea pode escrever suas inten\u00e7\u00f5es e estaremos, nestes pr\u00f3ximos 30 dias do&#8230;<\/p>\n","protected":false},"author":4340,"featured_media":17572,"comment_status":"closed","ping_status":"closed","sticky":false,"template":"","format":"standard","meta":{"_mi_skip_tracking":false,"_monsterinsights_sitenote_active":false,"_monsterinsights_sitenote_note":"","_monsterinsights_sitenote_category":0,"footnotes":""},"categories":[200710],"tags":[15792,102654,15401,261,33973,102784],"_links":{"self":[{"href":"https:\/\/blog.cancaonova.com\/paisecatequistas\/wp-json\/wp\/v2\/posts\/403"}],"collection":[{"href":"https:\/\/blog.cancaonova.com\/paisecatequistas\/wp-json\/wp\/v2\/posts"}],"about":[{"href":"https:\/\/blog.cancaonova.com\/paisecatequistas\/wp-json\/wp\/v2\/types\/post"}],"author":[{"embeddable":true,"href":"https:\/\/blog.cancaonova.com\/paisecatequistas\/wp-json\/wp\/v2\/users\/4340"}],"replies":[{"embeddable":true,"href":"https:\/\/blog.cancaonova.com\/paisecatequistas\/wp-json\/wp\/v2\/comments?post=403"}],"version-history":[{"count":21,"href":"https:\/\/blog.cancaonova.com\/paisecatequistas\/wp-json\/wp\/v2\/posts\/403\/revisions"}],"predecessor-version":[{"id":19164,"href":"https:\/\/blog.cancaonova.com\/paisecatequistas\/wp-json\/wp\/v2\/posts\/403\/revisions\/19164"}],"wp:featuredmedia":[{"embeddable":true,"href":"https:\/\/blog.cancaonova.com\/paisecatequistas\/wp-json\/wp\/v2\/media\/17572"}],"wp:attachment":[{"href":"https:\/\/blog.cancaonova.com\/paisecatequistas\/wp-json\/wp\/v2\/media?parent=403"}],"wp:term":[{"taxonomy":"category","embeddable":true,"href":"https:\/\/blog.cancaonova.com\/paisecatequistas\/wp-json\/wp\/v2\/categories?post=403"},{"taxonomy":"post_tag","embeddable":true,"href":"https:\/\/blog.cancaonova.com\/paisecatequistas\/wp-json\/wp\/v2\/tags?post=403"}],"curies":[{"name":"wp","href":"https:\/\/api.w.org\/{rel}","templated":true}]}}