{"id":4054,"date":"2012-03-26T09:00:44","date_gmt":"2012-03-26T11:00:44","guid":{"rendered":"http:\/\/blog.cancaonova.com\/paisecatequistas\/?p=4054"},"modified":"2012-03-26T12:48:10","modified_gmt":"2012-03-26T14:48:10","slug":"dica-de-tema-dessa-semana-eucaristia","status":"publish","type":"post","link":"https:\/\/blog.cancaonova.com\/paisecatequistas\/dica-de-tema-dessa-semana-eucaristia\/","title":{"rendered":"Tema para catequese Eucaristia"},"content":{"rendered":"<p style=\"text-align: justify\">Ol\u00e1 pais e catequistas, \u00a0continuando as dicas de tema para\u00a0catequese.<br \/>\nA dica dessa semana \u00e9 falar sobre a eucaristia.<br \/>\nA eucaristia, a presen\u00e7a do senhor na\u00a0eucaristia, falar sobre adora\u00e7\u00e3o, propor a 30 minutos de adora\u00e7\u00e3o com a turma.<br \/>\nLevar um viol\u00e3o, e fazer um momento de adora\u00e7\u00e3o com os\u00a0catequizandos.<br \/>\nSe voc\u00ea catequista tiver alguma dificuldade em conduzir a adora\u00e7\u00e3o convide algu\u00e9m do grupo de jovens de sua paroquia para te ajudar.<br \/>\n<a href=\"http:\/\/blog.cancaonova.com\/paisecatequistas\/files\/2012\/03\/DSC00592.jpg\"><img loading=\"lazy\" decoding=\"async\" class=\"aligncenter size-full wp-image-4058\" src=\"http:\/\/blog.cancaonova.com\/paisecatequistas\/files\/2012\/03\/DSC00592.jpg\" alt=\"\" width=\"400\" height=\"300\" srcset=\"https:\/\/blog.cancaonova.com\/paisecatequistas\/files\/2012\/03\/DSC00592.jpg 400w, https:\/\/blog.cancaonova.com\/paisecatequistas\/files\/2012\/03\/DSC00592-300x225.jpg 300w\" sizes=\"(max-width: 400px) 100vw, 400px\" \/><\/a><\/p>\n","protected":false},"excerpt":{"rendered":"<p>Ol\u00e1 pais e catequistas, \u00a0continuando as dicas de tema para\u00a0catequese. A dica dessa semana \u00e9 falar sobre a eucaristia. A eucaristia, a presen\u00e7a do senhor na\u00a0eucaristia, falar sobre adora\u00e7\u00e3o, propor a 30 minutos de adora\u00e7\u00e3o com a turma. Levar um&#8230;<\/p>\n","protected":false},"author":4340,"featured_media":0,"comment_status":"open","ping_status":"open","sticky":false,"template":"","format":"standard","meta":{"_mi_skip_tracking":false,"_monsterinsights_sitenote_active":false,"_monsterinsights_sitenote_note":"","_monsterinsights_sitenote_category":0,"footnotes":""},"categories":[16089],"tags":[15521,3671,561,19992],"_links":{"self":[{"href":"https:\/\/blog.cancaonova.com\/paisecatequistas\/wp-json\/wp\/v2\/posts\/4054"}],"collection":[{"href":"https:\/\/blog.cancaonova.com\/paisecatequistas\/wp-json\/wp\/v2\/posts"}],"about":[{"href":"https:\/\/blog.cancaonova.com\/paisecatequistas\/wp-json\/wp\/v2\/types\/post"}],"author":[{"embeddable":true,"href":"https:\/\/blog.cancaonova.com\/paisecatequistas\/wp-json\/wp\/v2\/users\/4340"}],"replies":[{"embeddable":true,"href":"https:\/\/blog.cancaonova.com\/paisecatequistas\/wp-json\/wp\/v2\/comments?post=4054"}],"version-history":[{"count":9,"href":"https:\/\/blog.cancaonova.com\/paisecatequistas\/wp-json\/wp\/v2\/posts\/4054\/revisions"}],"predecessor-version":[{"id":4057,"href":"https:\/\/blog.cancaonova.com\/paisecatequistas\/wp-json\/wp\/v2\/posts\/4054\/revisions\/4057"}],"wp:attachment":[{"href":"https:\/\/blog.cancaonova.com\/paisecatequistas\/wp-json\/wp\/v2\/media?parent=4054"}],"wp:term":[{"taxonomy":"category","embeddable":true,"href":"https:\/\/blog.cancaonova.com\/paisecatequistas\/wp-json\/wp\/v2\/categories?post=4054"},{"taxonomy":"post_tag","embeddable":true,"href":"https:\/\/blog.cancaonova.com\/paisecatequistas\/wp-json\/wp\/v2\/tags?post=4054"}],"curies":[{"name":"wp","href":"https:\/\/api.w.org\/{rel}","templated":true}]}}