{"id":4078,"date":"2012-04-18T08:30:20","date_gmt":"2012-04-18T10:30:20","guid":{"rendered":"http:\/\/blog.cancaonova.com\/paisecatequistas\/?p=4078"},"modified":"2012-04-10T14:33:50","modified_gmt":"2012-04-10T16:33:50","slug":"evangelho4","status":"publish","type":"post","link":"https:\/\/blog.cancaonova.com\/paisecatequistas\/evangelho4\/","title":{"rendered":"Apari\u00e7\u00e3o de Jesus"},"content":{"rendered":"<p>Ol\u00e1 pais e catequistas, a paz de Jesus, \u00a0evangelho dessa semana s\u00e3o as apari\u00e7\u00f5es de Jesus a todos os\u00a0ap\u00f3stolos.<br \/>\nAproveite o desenho utilize na catequese, na missa de domingo.<\/p>\n<p><a href=\"http:\/\/blog.cancaonova.com\/cantinho\/files\/2012\/03\/evangelho_22-04-2012.jpg\"><img loading=\"lazy\" decoding=\"async\" src=\"http:\/\/blog.cancaonova.com\/cantinho\/files\/2012\/03\/evangelho_22-04-2012.jpg\" alt=\"\" width=\"400\" height=\"535\" \/><br \/>\n<\/a><\/p>\n<p><a href=\"http:\/\/blog.cancaonova.com\/cantinho\/files\/2012\/03\/evangelho_22-04-2012_para-colorir.jpg\"><img loading=\"lazy\" decoding=\"async\" src=\"http:\/\/blog.cancaonova.com\/cantinho\/files\/2012\/03\/evangelho_22-04-2012_para-colorir-230x300.jpg\" alt=\"\" width=\"230\" height=\"300\" \/><\/a><\/p>\n","protected":false},"excerpt":{"rendered":"<p>Ol\u00e1 pais e catequistas, a paz de Jesus, \u00a0evangelho dessa semana s\u00e3o as apari\u00e7\u00f5es de Jesus a todos os\u00a0ap\u00f3stolos. Aproveite o desenho utilize na catequese, na missa de domingo.<\/p>\n","protected":false},"author":4414,"featured_media":0,"comment_status":"open","ping_status":"open","sticky":false,"template":"","format":"standard","meta":{"_mi_skip_tracking":false,"_monsterinsights_sitenote_active":false,"_monsterinsights_sitenote_note":"","_monsterinsights_sitenote_category":0,"footnotes":""},"categories":[17601],"tags":[6851,32226,92115],"_links":{"self":[{"href":"https:\/\/blog.cancaonova.com\/paisecatequistas\/wp-json\/wp\/v2\/posts\/4078"}],"collection":[{"href":"https:\/\/blog.cancaonova.com\/paisecatequistas\/wp-json\/wp\/v2\/posts"}],"about":[{"href":"https:\/\/blog.cancaonova.com\/paisecatequistas\/wp-json\/wp\/v2\/types\/post"}],"author":[{"embeddable":true,"href":"https:\/\/blog.cancaonova.com\/paisecatequistas\/wp-json\/wp\/v2\/users\/4414"}],"replies":[{"embeddable":true,"href":"https:\/\/blog.cancaonova.com\/paisecatequistas\/wp-json\/wp\/v2\/comments?post=4078"}],"version-history":[{"count":4,"href":"https:\/\/blog.cancaonova.com\/paisecatequistas\/wp-json\/wp\/v2\/posts\/4078\/revisions"}],"predecessor-version":[{"id":4147,"href":"https:\/\/blog.cancaonova.com\/paisecatequistas\/wp-json\/wp\/v2\/posts\/4078\/revisions\/4147"}],"wp:attachment":[{"href":"https:\/\/blog.cancaonova.com\/paisecatequistas\/wp-json\/wp\/v2\/media?parent=4078"}],"wp:term":[{"taxonomy":"category","embeddable":true,"href":"https:\/\/blog.cancaonova.com\/paisecatequistas\/wp-json\/wp\/v2\/categories?post=4078"},{"taxonomy":"post_tag","embeddable":true,"href":"https:\/\/blog.cancaonova.com\/paisecatequistas\/wp-json\/wp\/v2\/tags?post=4078"}],"curies":[{"name":"wp","href":"https:\/\/api.w.org\/{rel}","templated":true}]}}