{"id":4104,"date":"2014-04-01T09:00:09","date_gmt":"2014-04-01T11:00:09","guid":{"rendered":"http:\/\/blog.cancaonova.com\/paisecatequistas\/?p=4104"},"modified":"2014-04-01T10:31:22","modified_gmt":"2014-04-01T12:31:22","slug":"semana-santa","status":"publish","type":"post","link":"https:\/\/blog.cancaonova.com\/paisecatequistas\/semana-santa\/","title":{"rendered":"Penit\u00eancia"},"content":{"rendered":"<p style=\"text-align: justify\"><a href=\"http:\/\/blog.cancaonova.com\/paisecatequistas\/files\/2012\/04\/coracao.jpg\"><img loading=\"lazy\" decoding=\"async\" class=\"size-full wp-image-4105 alignleft\" alt=\"\" src=\"http:\/\/blog.cancaonova.com\/paisecatequistas\/files\/2012\/04\/coracao.jpg\" width=\"200\" height=\"180\" \/><\/a>Ol\u00e1 pais e catequistas.<br \/>\nA dica de encontro da catequese dessa semana \u00e9 falar sobre a penit\u00eancia.<br \/>\nSegundo \u00a0(CNBB, Diret\u00f3rio Lit\u00edrgico 2012, p 20 apenas os jovens que j\u00e1\u00a0completam 14 anos de idade est\u00e3o obrigados a lei a\u00a0abstin\u00eancia, e a lei do jejum apenas aos maiores de 18 anos. Mas se quiser propor para a turma uma penit\u00eancia de alguma coisa que gosto apenas nessa semana n\u00e3o tem nenhum problema.<br \/>\nObjetivo \u00e9 incentivar os catequizando a fazer algum tipo de penit\u00eancia nessa semana, \u00a0de quinta a\u00a0s\u00e1bado ou s\u00f3 na sexta &#8211; feira mesmo. Mas o que vale \u00e9 deixar de comer alguma coisa que gosta s\u00f3 nessa semana, ou s\u00f3 na sexta.<br \/>\n<a href=\"http:\/\/blog.cancaonova.com\/paisecatequistas\/files\/2012\/04\/coracao_.jpg\"><img loading=\"lazy\" decoding=\"async\" class=\"size-full wp-image-4107 alignright\" alt=\"\" src=\"http:\/\/blog.cancaonova.com\/paisecatequistas\/files\/2012\/04\/coracao_.jpg\" width=\"200\" height=\"201\" srcset=\"https:\/\/blog.cancaonova.com\/paisecatequistas\/files\/2012\/04\/coracao_.jpg 200w, https:\/\/blog.cancaonova.com\/paisecatequistas\/files\/2012\/04\/coracao_-150x150.jpg 150w\" sizes=\"(max-width: 200px) 100vw, 200px\" \/><\/a><\/p>\n","protected":false},"excerpt":{"rendered":"<p>Ol\u00e1 pais e catequistas. A dica de encontro da catequese dessa semana \u00e9 falar sobre a penit\u00eancia. Segundo \u00a0(CNBB, Diret\u00f3rio Lit\u00edrgico 2012, p 20 apenas os jovens que j\u00e1\u00a0completam 14 anos de idade est\u00e3o obrigados a lei a\u00a0abstin\u00eancia, e a&#8230;<\/p>\n","protected":false},"author":4340,"featured_media":0,"comment_status":"open","ping_status":"open","sticky":false,"template":"","format":"standard","meta":{"_mi_skip_tracking":false,"_monsterinsights_sitenote_active":false,"_monsterinsights_sitenote_note":"","_monsterinsights_sitenote_category":0,"footnotes":""},"categories":[23],"tags":[15521,17228,561,18209],"_links":{"self":[{"href":"https:\/\/blog.cancaonova.com\/paisecatequistas\/wp-json\/wp\/v2\/posts\/4104"}],"collection":[{"href":"https:\/\/blog.cancaonova.com\/paisecatequistas\/wp-json\/wp\/v2\/posts"}],"about":[{"href":"https:\/\/blog.cancaonova.com\/paisecatequistas\/wp-json\/wp\/v2\/types\/post"}],"author":[{"embeddable":true,"href":"https:\/\/blog.cancaonova.com\/paisecatequistas\/wp-json\/wp\/v2\/users\/4340"}],"replies":[{"embeddable":true,"href":"https:\/\/blog.cancaonova.com\/paisecatequistas\/wp-json\/wp\/v2\/comments?post=4104"}],"version-history":[{"count":15,"href":"https:\/\/blog.cancaonova.com\/paisecatequistas\/wp-json\/wp\/v2\/posts\/4104\/revisions"}],"predecessor-version":[{"id":6699,"href":"https:\/\/blog.cancaonova.com\/paisecatequistas\/wp-json\/wp\/v2\/posts\/4104\/revisions\/6699"}],"wp:attachment":[{"href":"https:\/\/blog.cancaonova.com\/paisecatequistas\/wp-json\/wp\/v2\/media?parent=4104"}],"wp:term":[{"taxonomy":"category","embeddable":true,"href":"https:\/\/blog.cancaonova.com\/paisecatequistas\/wp-json\/wp\/v2\/categories?post=4104"},{"taxonomy":"post_tag","embeddable":true,"href":"https:\/\/blog.cancaonova.com\/paisecatequistas\/wp-json\/wp\/v2\/tags?post=4104"}],"curies":[{"name":"wp","href":"https:\/\/api.w.org\/{rel}","templated":true}]}}