{"id":4119,"date":"2012-04-16T09:00:52","date_gmt":"2012-04-16T11:00:52","guid":{"rendered":"http:\/\/blog.cancaonova.com\/paisecatequistas\/?p=4119"},"modified":"2012-04-09T14:38:45","modified_gmt":"2012-04-09T16:38:45","slug":"via-lucis","status":"publish","type":"post","link":"https:\/\/blog.cancaonova.com\/paisecatequistas\/via-lucis\/","title":{"rendered":"Via Lucis"},"content":{"rendered":"<p>Ol\u00e1 pais e catequistas a paz de Jesus.<br \/>\nEstamos em tempo pascal, e nesse per\u00edodo a dica para os encontros de catequese \u00e9 a Via Lucis. Foi o caminho de luz que Jesus percorreu a p\u00f3s sua morte e\u00a0ressurrei\u00e7\u00e3o.<br \/>\nEstamos usando de refer\u00eancia o livro Retiro Popular 2012, \u00a0de Don Alberto Taveira Corr\u00eaa, mas voc\u00ea tamb\u00e9m encontra <a href=\"http:\/\/www.paroquias.org\/vialucis\/\" target=\"_blank\">AQUI<\/a>.<br \/>\nDeixe seu coment\u00e1rio contanto o que acho, no final dessa semana postaremos os desenhos para colorir da Via Lucis.<\/p>\n","protected":false},"excerpt":{"rendered":"<p>Ol\u00e1 pais e catequistas a paz de Jesus. Estamos em tempo pascal, e nesse per\u00edodo a dica para os encontros de catequese \u00e9 a Via Lucis. Foi o caminho de luz que Jesus percorreu a p\u00f3s sua morte e\u00a0ressurrei\u00e7\u00e3o. Estamos&#8230;<\/p>\n","protected":false},"author":4340,"featured_media":0,"comment_status":"open","ping_status":"open","sticky":false,"template":"","format":"standard","meta":{"_mi_skip_tracking":false,"_monsterinsights_sitenote_active":false,"_monsterinsights_sitenote_note":"","_monsterinsights_sitenote_category":0,"footnotes":""},"categories":[23],"tags":[118272,40621,11721,5271,27920,118270],"_links":{"self":[{"href":"https:\/\/blog.cancaonova.com\/paisecatequistas\/wp-json\/wp\/v2\/posts\/4119"}],"collection":[{"href":"https:\/\/blog.cancaonova.com\/paisecatequistas\/wp-json\/wp\/v2\/posts"}],"about":[{"href":"https:\/\/blog.cancaonova.com\/paisecatequistas\/wp-json\/wp\/v2\/types\/post"}],"author":[{"embeddable":true,"href":"https:\/\/blog.cancaonova.com\/paisecatequistas\/wp-json\/wp\/v2\/users\/4340"}],"replies":[{"embeddable":true,"href":"https:\/\/blog.cancaonova.com\/paisecatequistas\/wp-json\/wp\/v2\/comments?post=4119"}],"version-history":[{"count":5,"href":"https:\/\/blog.cancaonova.com\/paisecatequistas\/wp-json\/wp\/v2\/posts\/4119\/revisions"}],"predecessor-version":[{"id":4121,"href":"https:\/\/blog.cancaonova.com\/paisecatequistas\/wp-json\/wp\/v2\/posts\/4119\/revisions\/4121"}],"wp:attachment":[{"href":"https:\/\/blog.cancaonova.com\/paisecatequistas\/wp-json\/wp\/v2\/media?parent=4119"}],"wp:term":[{"taxonomy":"category","embeddable":true,"href":"https:\/\/blog.cancaonova.com\/paisecatequistas\/wp-json\/wp\/v2\/categories?post=4119"},{"taxonomy":"post_tag","embeddable":true,"href":"https:\/\/blog.cancaonova.com\/paisecatequistas\/wp-json\/wp\/v2\/tags?post=4119"}],"curies":[{"name":"wp","href":"https:\/\/api.w.org\/{rel}","templated":true}]}}