{"id":4126,"date":"2024-04-03T08:00:00","date_gmt":"2024-04-03T10:00:00","guid":{"rendered":"http:\/\/blog.cancaonova.com\/paisecatequistas\/?p=4126"},"modified":"2026-04-01T12:36:28","modified_gmt":"2026-04-01T14:36:28","slug":"festa-da-misericordia-2012","status":"publish","type":"post","link":"https:\/\/blog.cancaonova.com\/paisecatequistas\/festa-da-misericordia-2012\/","title":{"rendered":"Festa da Divina Miseric\u00f3rdia"},"content":{"rendered":"<p style=\"text-align: justify\">No segundo Domingo da P\u00e1scoa, a Igreja celebra a Festa da Divina Miseric\u00f3rdia. S\u00e3o Jo\u00e3o Paulo II soube valorizar a experi\u00eancia m\u00edstica de Santa Faustina Kowalska.\u00a0A festa da miseric\u00f3rdia foi pedida por Jesus para irm\u00e3 Faustina, estabelecida oficialmente como festa universal pelo Papa Jo\u00e3o Paulo II.<\/p>\n<p style=\"text-align: justify\"><strong>Agora, \u00e9 o tempo favor\u00e1vel! Agora, \u00e9 o dia da salva\u00e7\u00e3o<\/strong>! (2Cor 6, 2)<\/p>\n<p>&nbsp;<\/p>\n<p><iframe loading=\"lazy\" title=\"Tia Adelita - Santa Faustina e Jesus da Miseric\u00c3\u00b3rdia\" width=\"600\" height=\"450\" src=\"https:\/\/www.youtube.com\/embed\/VEDdsHGn8I8?feature=oembed&amp;rel=0\" frameborder=\"0\" allow=\"accelerometer; autoplay; clipboard-write; encrypted-media; gyroscope; picture-in-picture; web-share\" referrerpolicy=\"strict-origin-when-cross-origin\" allowfullscreen><\/iframe><\/p>\n<h4>Escolha qual desenho voc\u00ea quer colorir e clique na imagem:<\/h4>\n<p><a href=\"http:\/\/blog.cancaonova.com\/paisecatequistas\/files\/2013\/04\/santa-faustina-tia-adelita-para-colorir.png\"><img loading=\"lazy\" decoding=\"async\" class=\"size-full wp-image-11668 alignnone\" src=\"http:\/\/blog.cancaonova.com\/paisecatequistas\/files\/2013\/04\/santa-faustina-tia-adelita-para-colorir.png\" alt=\"\" width=\"732\" height=\"745\" srcset=\"https:\/\/blog.cancaonova.com\/paisecatequistas\/files\/2013\/04\/santa-faustina-tia-adelita-para-colorir.png 732w, https:\/\/blog.cancaonova.com\/paisecatequistas\/files\/2013\/04\/santa-faustina-tia-adelita-para-colorir-295x300.png 295w\" sizes=\"(max-width: 732px) 100vw, 732px\" \/><\/a><\/p>\n<p><a href=\"https:\/\/blog.cancaonova.com\/paisecatequistas\/files\/2024\/04\/jesus-misericordioso.pdf\"><img loading=\"lazy\" decoding=\"async\" class=\" wp-image-17146 alignnone\" src=\"http:\/\/blog.cancaonova.com\/paisecatequistas\/files\/2023\/04\/Santa-Faustina-Jesus-Misericordioso-Imagem-Pintura-Quadro-c\u00f3pia.jpg\" alt=\"\" width=\"1115\" height=\"1434\" srcset=\"https:\/\/blog.cancaonova.com\/paisecatequistas\/files\/2023\/04\/Santa-Faustina-Jesus-Misericordioso-Imagem-Pintura-Quadro-c\u00f3pia.jpg 2480w, https:\/\/blog.cancaonova.com\/paisecatequistas\/files\/2023\/04\/Santa-Faustina-Jesus-Misericordioso-Imagem-Pintura-Quadro-c\u00f3pia-233x300.jpg 233w, https:\/\/blog.cancaonova.com\/paisecatequistas\/files\/2023\/04\/Santa-Faustina-Jesus-Misericordioso-Imagem-Pintura-Quadro-c\u00f3pia-768x988.jpg 768w\" sizes=\"(max-width: 1115px) 100vw, 1115px\" \/><\/a> <a href=\"https:\/\/blog.cancaonova.com\/paisecatequistas\/files\/2024\/04\/jesus-misericordioso.pdf\"><img loading=\"lazy\" decoding=\"async\" class=\" wp-image-17147 alignnone\" src=\"http:\/\/blog.cancaonova.com\/paisecatequistas\/files\/2023\/04\/Jesus-Santa-Faustina-e-Papa-Jo\u00e3o-Paulo-II.jpg\" alt=\"\" width=\"1041\" height=\"1557\" srcset=\"https:\/\/blog.cancaonova.com\/paisecatequistas\/files\/2023\/04\/Jesus-Santa-Faustina-e-Papa-Jo\u00e3o-Paulo-II.jpg 3267w, https:\/\/blog.cancaonova.com\/paisecatequistas\/files\/2023\/04\/Jesus-Santa-Faustina-e-Papa-Jo\u00e3o-Paulo-II-201x300.jpg 201w, https:\/\/blog.cancaonova.com\/paisecatequistas\/files\/2023\/04\/Jesus-Santa-Faustina-e-Papa-Jo\u00e3o-Paulo-II-768x1149.jpg 768w\" sizes=\"(max-width: 1041px) 100vw, 1041px\" \/><\/a><\/p>\n<p><a href=\"https:\/\/blog.cancaonova.com\/paisecatequistas\/files\/2024\/04\/desenho-compactado.pdf\"><img loading=\"lazy\" decoding=\"async\" class=\"wp-image-17148 alignnone\" src=\"http:\/\/blog.cancaonova.com\/paisecatequistas\/files\/2023\/04\/desenho-1.jpg\" alt=\"\" width=\"1093\" height=\"1547\" srcset=\"https:\/\/blog.cancaonova.com\/paisecatequistas\/files\/2023\/04\/desenho-1.jpg 1414w, https:\/\/blog.cancaonova.com\/paisecatequistas\/files\/2023\/04\/desenho-1-212x300.jpg 212w, https:\/\/blog.cancaonova.com\/paisecatequistas\/files\/2023\/04\/desenho-1-768x1086.jpg 768w\" sizes=\"(max-width: 1093px) 100vw, 1093px\" \/><\/a><\/p>\n<p><a href=\"https:\/\/blog.cancaonova.com\/paisecatequistas\/files\/2024\/04\/desenho-compactado.pdf\"><img loading=\"lazy\" decoding=\"async\" class=\"wp-image-17156 alignnone\" src=\"http:\/\/blog.cancaonova.com\/paisecatequistas\/files\/2024\/04\/jesus-misericordioso1-1.jpg\" alt=\"\" width=\"1102\" height=\"1559\" srcset=\"https:\/\/blog.cancaonova.com\/paisecatequistas\/files\/2024\/04\/jesus-misericordioso1-1.jpg 1414w, https:\/\/blog.cancaonova.com\/paisecatequistas\/files\/2024\/04\/jesus-misericordioso1-1-212x300.jpg 212w, https:\/\/blog.cancaonova.com\/paisecatequistas\/files\/2024\/04\/jesus-misericordioso1-1-768x1086.jpg 768w\" sizes=\"(max-width: 1102px) 100vw, 1102px\" \/><\/a><\/p>\n<p><a href=\"https:\/\/blog.cancaonova.com\/paisecatequistas\/files\/2024\/04\/desenho-compactado.pdf\"><img loading=\"lazy\" decoding=\"async\" class=\" wp-image-17159 alignnone\" src=\"http:\/\/blog.cancaonova.com\/paisecatequistas\/files\/2024\/04\/jesus-misericordioso3.jpg\" alt=\"\" width=\"1109\" height=\"1569\" srcset=\"https:\/\/blog.cancaonova.com\/paisecatequistas\/files\/2024\/04\/jesus-misericordioso3.jpg 1414w, https:\/\/blog.cancaonova.com\/paisecatequistas\/files\/2024\/04\/jesus-misericordioso3-212x300.jpg 212w, https:\/\/blog.cancaonova.com\/paisecatequistas\/files\/2024\/04\/jesus-misericordioso3-768x1086.jpg 768w\" sizes=\"(max-width: 1109px) 100vw, 1109px\" \/><\/a><\/p>\n<p>&nbsp;<\/p>\n<p>&nbsp;<\/p>\n<p>&nbsp;<\/p>\n<p>&nbsp;<\/p>\n<p>&nbsp;<\/p>\n","protected":false},"excerpt":{"rendered":"<p>No segundo Domingo da P\u00e1scoa, a Igreja celebra a Festa da Divina Miseric\u00f3rdia. S\u00e3o Jo\u00e3o Paulo II soube valorizar a experi\u00eancia m\u00edstica de Santa Faustina Kowalska.\u00a0A festa da miseric\u00f3rdia foi pedida por Jesus para irm\u00e3 Faustina estabelecida oficialmente como festa universal pelo Papa Jo\u00e3o Paulo II.<br \/>\n&#8216;Agora \u00e9 o tempo favor\u00e1vel! Agora \u00e9 o Dia da Salva\u00e7\u00e3o!&#8217; (2Cor 6, 2) <a href=\"https:\/\/blog.cancaonova.com\/paisecatequistas\/festa-da-misericordia-2012\/\">Continue lendo <span class=\"meta-nav\">&rarr;<\/span><\/a><\/p>\n","protected":false},"author":4340,"featured_media":17151,"comment_status":"closed","ping_status":"closed","sticky":false,"template":"","format":"standard","meta":{"_mi_skip_tracking":false,"_monsterinsights_sitenote_active":false,"_monsterinsights_sitenote_note":"","_monsterinsights_sitenote_category":0,"footnotes":""},"categories":[200710,2261],"tags":[26697,16541,15899,17234,36119],"_links":{"self":[{"href":"https:\/\/blog.cancaonova.com\/paisecatequistas\/wp-json\/wp\/v2\/posts\/4126"}],"collection":[{"href":"https:\/\/blog.cancaonova.com\/paisecatequistas\/wp-json\/wp\/v2\/posts"}],"about":[{"href":"https:\/\/blog.cancaonova.com\/paisecatequistas\/wp-json\/wp\/v2\/types\/post"}],"author":[{"embeddable":true,"href":"https:\/\/blog.cancaonova.com\/paisecatequistas\/wp-json\/wp\/v2\/users\/4340"}],"replies":[{"embeddable":true,"href":"https:\/\/blog.cancaonova.com\/paisecatequistas\/wp-json\/wp\/v2\/comments?post=4126"}],"version-history":[{"count":21,"href":"https:\/\/blog.cancaonova.com\/paisecatequistas\/wp-json\/wp\/v2\/posts\/4126\/revisions"}],"predecessor-version":[{"id":20297,"href":"https:\/\/blog.cancaonova.com\/paisecatequistas\/wp-json\/wp\/v2\/posts\/4126\/revisions\/20297"}],"wp:featuredmedia":[{"embeddable":true,"href":"https:\/\/blog.cancaonova.com\/paisecatequistas\/wp-json\/wp\/v2\/media\/17151"}],"wp:attachment":[{"href":"https:\/\/blog.cancaonova.com\/paisecatequistas\/wp-json\/wp\/v2\/media?parent=4126"}],"wp:term":[{"taxonomy":"category","embeddable":true,"href":"https:\/\/blog.cancaonova.com\/paisecatequistas\/wp-json\/wp\/v2\/categories?post=4126"},{"taxonomy":"post_tag","embeddable":true,"href":"https:\/\/blog.cancaonova.com\/paisecatequistas\/wp-json\/wp\/v2\/tags?post=4126"}],"curies":[{"name":"wp","href":"https:\/\/api.w.org\/{rel}","templated":true}]}}