{"id":4153,"date":"2015-05-09T09:00:05","date_gmt":"2015-05-09T11:00:05","guid":{"rendered":"http:\/\/blog.cancaonova.com\/paisecatequistas\/?p=4153"},"modified":"2015-05-04T12:11:12","modified_gmt":"2015-05-04T14:11:12","slug":"mamae-maria","status":"publish","type":"post","link":"https:\/\/blog.cancaonova.com\/paisecatequistas\/mamae-maria\/","title":{"rendered":"Mam\u00e3e Maria"},"content":{"rendered":"<p>Ol\u00e1 pais e catequistas a paz de Jesus.<br \/>\nEsse ano o dia das m\u00e3es cai em um dia muito importante pra n\u00f3s dia 13 de maio.<br \/>\nDia 13 de maio foi o dia que nossa Senhora de\u00a0F\u00e1tima apareceu para os tr\u00eas pastorinhos.<br \/>\nA dica para a catequese para essa semana e para semana que vem \u00e9 trabalhar com o o dia das m\u00e3es e com o dia de Maria m\u00e3e de todos n\u00f3s.<br \/>\nAlgumas dicas sobre o dia das m\u00e3es<br \/>\n<a href=\"http:\/\/blog.cancaonova.com\/paisecatequistas\/2011\/05\/06\/mae-um-amor-eterno\/?preview=true&amp;preview_id=228&amp;preview_nonce=a842396dab\" target=\"_blank\">Testemunho da Tia Tininha<\/a><br \/>\n<a href=\"http:\/\/blog.cancaonova.com\/paisecatequistas\/2009\/05\/06\/maio-um-mes-especial\/\" target=\"_blank\">Maio um m\u00eas especial<br \/>\n<\/a><a href=\"http:\/\/blog.cancaonova.com\/paisecatequistas\/2011\/05\/04\/dia-das-maes\/\" target=\"_blank\">Atividade para imprimir<\/a><\/p>\n","protected":false},"excerpt":{"rendered":"<p>Ol\u00e1 pais e catequistas a paz de Jesus. Esse ano o dia das m\u00e3es cai em um dia muito importante pra n\u00f3s dia 13 de maio. Dia 13 de maio foi o dia que nossa Senhora de\u00a0F\u00e1tima apareceu para os&#8230;<\/p>\n","protected":false},"author":4340,"featured_media":0,"comment_status":"open","ping_status":"open","sticky":false,"template":"","format":"standard","meta":{"_mi_skip_tracking":false,"_monsterinsights_sitenote_active":false,"_monsterinsights_sitenote_note":"","_monsterinsights_sitenote_category":0,"footnotes":""},"categories":[16089],"tags":[118280,19905,17409,17101,18717,231],"_links":{"self":[{"href":"https:\/\/blog.cancaonova.com\/paisecatequistas\/wp-json\/wp\/v2\/posts\/4153"}],"collection":[{"href":"https:\/\/blog.cancaonova.com\/paisecatequistas\/wp-json\/wp\/v2\/posts"}],"about":[{"href":"https:\/\/blog.cancaonova.com\/paisecatequistas\/wp-json\/wp\/v2\/types\/post"}],"author":[{"embeddable":true,"href":"https:\/\/blog.cancaonova.com\/paisecatequistas\/wp-json\/wp\/v2\/users\/4340"}],"replies":[{"embeddable":true,"href":"https:\/\/blog.cancaonova.com\/paisecatequistas\/wp-json\/wp\/v2\/comments?post=4153"}],"version-history":[{"count":8,"href":"https:\/\/blog.cancaonova.com\/paisecatequistas\/wp-json\/wp\/v2\/posts\/4153\/revisions"}],"predecessor-version":[{"id":6724,"href":"https:\/\/blog.cancaonova.com\/paisecatequistas\/wp-json\/wp\/v2\/posts\/4153\/revisions\/6724"}],"wp:attachment":[{"href":"https:\/\/blog.cancaonova.com\/paisecatequistas\/wp-json\/wp\/v2\/media?parent=4153"}],"wp:term":[{"taxonomy":"category","embeddable":true,"href":"https:\/\/blog.cancaonova.com\/paisecatequistas\/wp-json\/wp\/v2\/categories?post=4153"},{"taxonomy":"post_tag","embeddable":true,"href":"https:\/\/blog.cancaonova.com\/paisecatequistas\/wp-json\/wp\/v2\/tags?post=4153"}],"curies":[{"name":"wp","href":"https:\/\/api.w.org\/{rel}","templated":true}]}}