{"id":4170,"date":"2013-05-01T09:00:12","date_gmt":"2013-05-01T11:00:12","guid":{"rendered":"http:\/\/blog.cancaonova.com\/paisecatequistas\/?p=4170"},"modified":"2013-03-18T11:09:13","modified_gmt":"2013-03-18T13:09:13","slug":"colorir-sao-jose-operario","status":"publish","type":"post","link":"https:\/\/blog.cancaonova.com\/paisecatequistas\/colorir-sao-jose-operario\/","title":{"rendered":"Colorir S\u00e3o Jos\u00e9 Oper\u00e1rio"},"content":{"rendered":"<p>Ol\u00e1 pais e catequistas a paz de Jesus.<br \/>\nNo dia 1 de maio celebramos o dia de S\u00e3o Jos\u00e9 Oper\u00e1rio pai adotivo de Jesus.<br \/>\nAbaixo confira 2 desenhos para voc\u00ea imprimi e colorir de S\u00e3o Jos\u00e9 Oper\u00e1rio, para voc\u00ea usar com sus filhos e na catequese.<\/p>\n<p><object classid=\"d27cdb6e-ae6d-11cf-96b8-444553540000\" width=\"500\" height=\"301\"><param name=\"data\" value=\"http:\/\/www.webtvcn.com\/player\/v\/110519\" \/><param name=\"src\" value=\"http:\/\/www.webtvcn.com\/player\/v\/110519\" \/><embed type=\"application\/x-shockwave-flash\" width=\"500\" height=\"301\" src=\"http:\/\/www.webtvcn.com\/player\/v\/110519\"><\/embed><\/object><\/p>\n\n\t\t<style type=\"text\/css\">\n\t\t\t#gallery-1 {\n\t\t\t\tmargin: auto;\n\t\t\t}\n\t\t\t#gallery-1 .gallery-item {\n\t\t\t\tfloat: left;\n\t\t\t\tmargin-top: 10px;\n\t\t\t\ttext-align: center;\n\t\t\t\twidth: 50%;\n\t\t\t}\n\t\t\t#gallery-1 img {\n\t\t\t\tborder: 2px solid #cfcfcf;\n\t\t\t}\n\t\t\t#gallery-1 .gallery-caption {\n\t\t\t\tmargin-left: 0;\n\t\t\t}\n\t\t\t\/* see gallery_shortcode() in wp-includes\/media.php *\/\n\t\t<\/style>\n\t\t<div id='gallery-1' class='gallery galleryid-4170 gallery-columns-2 gallery-size-thumbnail'><dl class='gallery-item'>\n\t\t\t<dt class='gallery-icon portrait'>\n\t\t\t\t<a href='https:\/\/blog.cancaonova.com\/paisecatequistas\/files\/2012\/04\/imprima-e-pinte.jpg'><img loading=\"lazy\" decoding=\"async\" width=\"150\" height=\"150\" src=\"https:\/\/blog.cancaonova.com\/paisecatequistas\/files\/2012\/04\/imprima-e-pinte-150x150.jpg\" class=\"attachment-thumbnail size-thumbnail\" alt=\"\" \/><\/a>\n\t\t\t<\/dt><\/dl><dl class='gallery-item'>\n\t\t\t<dt class='gallery-icon portrait'>\n\t\t\t\t<a href='https:\/\/blog.cancaonova.com\/paisecatequistas\/files\/2012\/04\/imprima-e-pinte2.jpg'><img loading=\"lazy\" decoding=\"async\" width=\"150\" height=\"150\" src=\"https:\/\/blog.cancaonova.com\/paisecatequistas\/files\/2012\/04\/imprima-e-pinte2-150x150.jpg\" class=\"attachment-thumbnail size-thumbnail\" alt=\"\" \/><\/a>\n\t\t\t<\/dt><\/dl><br style=\"clear: both\" \/>\n\t\t<\/div>\n\n","protected":false},"excerpt":{"rendered":"<p>Ol\u00e1 pais e catequistas a paz de Jesus. No dia 1 de maio celebramos o dia de S\u00e3o Jos\u00e9 Oper\u00e1rio pai adotivo de Jesus. Abaixo confira 2 desenhos para voc\u00ea imprimi e colorir de S\u00e3o Jos\u00e9 Oper\u00e1rio, para voc\u00ea usar&#8230;<\/p>\n","protected":false},"author":4340,"featured_media":0,"comment_status":"open","ping_status":"open","sticky":false,"template":"","format":"standard","meta":{"_mi_skip_tracking":false,"_monsterinsights_sitenote_active":false,"_monsterinsights_sitenote_note":"","_monsterinsights_sitenote_category":0,"footnotes":""},"categories":[16089],"tags":[15161,32226,92115],"_links":{"self":[{"href":"https:\/\/blog.cancaonova.com\/paisecatequistas\/wp-json\/wp\/v2\/posts\/4170"}],"collection":[{"href":"https:\/\/blog.cancaonova.com\/paisecatequistas\/wp-json\/wp\/v2\/posts"}],"about":[{"href":"https:\/\/blog.cancaonova.com\/paisecatequistas\/wp-json\/wp\/v2\/types\/post"}],"author":[{"embeddable":true,"href":"https:\/\/blog.cancaonova.com\/paisecatequistas\/wp-json\/wp\/v2\/users\/4340"}],"replies":[{"embeddable":true,"href":"https:\/\/blog.cancaonova.com\/paisecatequistas\/wp-json\/wp\/v2\/comments?post=4170"}],"version-history":[{"count":4,"href":"https:\/\/blog.cancaonova.com\/paisecatequistas\/wp-json\/wp\/v2\/posts\/4170\/revisions"}],"predecessor-version":[{"id":4174,"href":"https:\/\/blog.cancaonova.com\/paisecatequistas\/wp-json\/wp\/v2\/posts\/4170\/revisions\/4174"}],"wp:attachment":[{"href":"https:\/\/blog.cancaonova.com\/paisecatequistas\/wp-json\/wp\/v2\/media?parent=4170"}],"wp:term":[{"taxonomy":"category","embeddable":true,"href":"https:\/\/blog.cancaonova.com\/paisecatequistas\/wp-json\/wp\/v2\/categories?post=4170"},{"taxonomy":"post_tag","embeddable":true,"href":"https:\/\/blog.cancaonova.com\/paisecatequistas\/wp-json\/wp\/v2\/tags?post=4170"}],"curies":[{"name":"wp","href":"https:\/\/api.w.org\/{rel}","templated":true}]}}