{"id":4215,"date":"2015-05-05T08:00:25","date_gmt":"2015-05-05T10:00:25","guid":{"rendered":"http:\/\/blog.cancaonova.com\/paisecatequistas\/?p=4215"},"modified":"2015-05-04T12:03:42","modified_gmt":"2015-05-04T14:03:42","slug":"mes-de-maria","status":"publish","type":"post","link":"https:\/\/blog.cancaonova.com\/paisecatequistas\/mes-de-maria\/","title":{"rendered":"M\u00eas de Maria"},"content":{"rendered":"<p>Ol\u00e1 pais e catequistas, a paz de Jesus!!<\/p>\n<p>Como estamos em Maio m\u00eas dedicado a Nossa Senhora, que tal fazer uma atividade com os catequisandos falando sobre a Ave-Maria?<\/p>\n<p>\u00c9 simples e vai fazer com que eles conhe\u00e7am um pouco mais sobre essa ora\u00e7\u00e3o que fala de nossa m\u00e3ezinha do c\u00e9u.<\/p>\n<p><a href=\"http:\/\/blog.cancaonova.com\/paisecatequistas\/files\/2012\/05\/oracao_ave-maria.jpg\" target=\"_blank\"><img loading=\"lazy\" decoding=\"async\" class=\"aligncenter size-medium wp-image-4275\" src=\"http:\/\/blog.cancaonova.com\/paisecatequistas\/files\/2012\/05\/oracao_ave-maria-300x211.jpg\" alt=\"Desenho para colorir da Ave Maria\" width=\"300\" height=\"211\" srcset=\"https:\/\/blog.cancaonova.com\/paisecatequistas\/files\/2012\/05\/oracao_ave-maria-300x211.jpg 300w, https:\/\/blog.cancaonova.com\/paisecatequistas\/files\/2012\/05\/oracao_ave-maria.jpg 842w\" sizes=\"(max-width: 300px) 100vw, 300px\" \/><\/a><\/p>\n","protected":false},"excerpt":{"rendered":"<p>Ol\u00e1 pais e catequistas, a paz de Jesus!! Como estamos em Maio m\u00eas dedicado a Nossa Senhora, que tal fazer uma atividade com os catequisandos falando sobre a Ave-Maria? \u00c9 simples e vai fazer com que eles conhe\u00e7am um pouco&#8230;<\/p>\n","protected":false},"author":4340,"featured_media":0,"comment_status":"open","ping_status":"open","sticky":false,"template":"","format":"standard","meta":{"_mi_skip_tracking":false,"_monsterinsights_sitenote_active":false,"_monsterinsights_sitenote_note":"","_monsterinsights_sitenote_category":0,"footnotes":""},"categories":[16089,2881],"tags":[118286,16445,72737,92090,13071],"_links":{"self":[{"href":"https:\/\/blog.cancaonova.com\/paisecatequistas\/wp-json\/wp\/v2\/posts\/4215"}],"collection":[{"href":"https:\/\/blog.cancaonova.com\/paisecatequistas\/wp-json\/wp\/v2\/posts"}],"about":[{"href":"https:\/\/blog.cancaonova.com\/paisecatequistas\/wp-json\/wp\/v2\/types\/post"}],"author":[{"embeddable":true,"href":"https:\/\/blog.cancaonova.com\/paisecatequistas\/wp-json\/wp\/v2\/users\/4340"}],"replies":[{"embeddable":true,"href":"https:\/\/blog.cancaonova.com\/paisecatequistas\/wp-json\/wp\/v2\/comments?post=4215"}],"version-history":[{"count":23,"href":"https:\/\/blog.cancaonova.com\/paisecatequistas\/wp-json\/wp\/v2\/posts\/4215\/revisions"}],"predecessor-version":[{"id":5889,"href":"https:\/\/blog.cancaonova.com\/paisecatequistas\/wp-json\/wp\/v2\/posts\/4215\/revisions\/5889"}],"wp:attachment":[{"href":"https:\/\/blog.cancaonova.com\/paisecatequistas\/wp-json\/wp\/v2\/media?parent=4215"}],"wp:term":[{"taxonomy":"category","embeddable":true,"href":"https:\/\/blog.cancaonova.com\/paisecatequistas\/wp-json\/wp\/v2\/categories?post=4215"},{"taxonomy":"post_tag","embeddable":true,"href":"https:\/\/blog.cancaonova.com\/paisecatequistas\/wp-json\/wp\/v2\/tags?post=4215"}],"curies":[{"name":"wp","href":"https:\/\/api.w.org\/{rel}","templated":true}]}}