{"id":4243,"date":"2014-10-11T12:00:53","date_gmt":"2014-10-11T14:00:53","guid":{"rendered":"http:\/\/blog.cancaonova.com\/paisecatequistas\/?p=4243"},"modified":"2014-10-07T10:47:32","modified_gmt":"2014-10-07T12:47:32","slug":"livro-rosario-para-as-criancas","status":"publish","type":"post","link":"https:\/\/blog.cancaonova.com\/paisecatequistas\/livro-rosario-para-as-criancas\/","title":{"rendered":"Ros\u00e1rio para as crian\u00e7as"},"content":{"rendered":"<p style=\"text-align: justify\">Ol\u00e1 pais e catequistas, a paz de Jesus!<\/p>\n<p style=\"text-align: justify\">Uma \u00f3tima op\u00e7\u00e3o para ensinar as crian\u00e7as os Misterios do Santo ter\u00e7o.<\/p>\n<p style=\"text-align: justify\"><a href=\"http:\/\/shopping.cancaonova.com\/products\/9782-livro-rosario-para-criancas-com-terco-em-nylon\" target=\"_blank\"><img loading=\"lazy\" decoding=\"async\" class=\"aligncenter size-medium wp-image-4254\" src=\"http:\/\/blog.cancaonova.com\/paisecatequistas\/files\/2012\/05\/O-ROSARIO-PARA-CRIANCAS-238x300.jpg\" alt=\"Rezando o ter\u00e7o\" width=\"238\" height=\"300\" srcset=\"https:\/\/blog.cancaonova.com\/paisecatequistas\/files\/2012\/05\/O-ROSARIO-PARA-CRIANCAS-238x300.jpg 238w, https:\/\/blog.cancaonova.com\/paisecatequistas\/files\/2012\/05\/O-ROSARIO-PARA-CRIANCAS.jpg 300w\" sizes=\"(max-width: 238px) 100vw, 238px\" \/><\/a><\/p>\n<p style=\"text-align: justify\"><a href=\"http:\/\/shopping.cancaonova.com\/products\/9782-livro-rosario-para-criancas-com-terco-em-nylon\" target=\"_blank\"><br \/>\n<\/a><\/p>\n","protected":false},"excerpt":{"rendered":"<p>Ol\u00e1 pais e catequistas, a paz de Jesus! Uma \u00f3tima op\u00e7\u00e3o para ensinar as crian\u00e7as os Misterios do Santo ter\u00e7o.<\/p>\n","protected":false},"author":4340,"featured_media":0,"comment_status":"open","ping_status":"open","sticky":false,"template":"","format":"standard","meta":{"_mi_skip_tracking":false,"_monsterinsights_sitenote_active":false,"_monsterinsights_sitenote_note":"","_monsterinsights_sitenote_category":0,"footnotes":""},"categories":[27817],"tags":[8631,96918,5831,52733,17269],"_links":{"self":[{"href":"https:\/\/blog.cancaonova.com\/paisecatequistas\/wp-json\/wp\/v2\/posts\/4243"}],"collection":[{"href":"https:\/\/blog.cancaonova.com\/paisecatequistas\/wp-json\/wp\/v2\/posts"}],"about":[{"href":"https:\/\/blog.cancaonova.com\/paisecatequistas\/wp-json\/wp\/v2\/types\/post"}],"author":[{"embeddable":true,"href":"https:\/\/blog.cancaonova.com\/paisecatequistas\/wp-json\/wp\/v2\/users\/4340"}],"replies":[{"embeddable":true,"href":"https:\/\/blog.cancaonova.com\/paisecatequistas\/wp-json\/wp\/v2\/comments?post=4243"}],"version-history":[{"count":27,"href":"https:\/\/blog.cancaonova.com\/paisecatequistas\/wp-json\/wp\/v2\/posts\/4243\/revisions"}],"predecessor-version":[{"id":7008,"href":"https:\/\/blog.cancaonova.com\/paisecatequistas\/wp-json\/wp\/v2\/posts\/4243\/revisions\/7008"}],"wp:attachment":[{"href":"https:\/\/blog.cancaonova.com\/paisecatequistas\/wp-json\/wp\/v2\/media?parent=4243"}],"wp:term":[{"taxonomy":"category","embeddable":true,"href":"https:\/\/blog.cancaonova.com\/paisecatequistas\/wp-json\/wp\/v2\/categories?post=4243"},{"taxonomy":"post_tag","embeddable":true,"href":"https:\/\/blog.cancaonova.com\/paisecatequistas\/wp-json\/wp\/v2\/tags?post=4243"}],"curies":[{"name":"wp","href":"https:\/\/api.w.org\/{rel}","templated":true}]}}