{"id":4321,"date":"2012-05-16T16:00:32","date_gmt":"2012-05-16T18:00:32","guid":{"rendered":"http:\/\/blog.cancaonova.com\/paisecatequistas\/?p=4321"},"modified":"2012-05-17T16:12:44","modified_gmt":"2012-05-17T18:12:44","slug":"ascensao-do-senhor","status":"publish","type":"post","link":"https:\/\/blog.cancaonova.com\/paisecatequistas\/ascensao-do-senhor\/","title":{"rendered":"Ascens\u00e3o do Senhor"},"content":{"rendered":"<p style=\"text-align: justify\">Ol\u00e1 pais e catequistas, a paz de Jesus!<\/p>\n<p style=\"text-align: justify\">O Evangelho desse domingo est\u00e1 em Mc 16,15-20\u00a0 que nos\u00a0 fala da Ascens\u00e3o do Nosso Senhor Jesus Cristo, que voltou para o Pai e est\u00e1 sentado \u00e0 sua direita.<\/p>\n<p style=\"text-align: justify\">Voltando para o Pai nos deixou a miss\u00e3o de evangelizar a todos pregando o Evangelho a toda criatura.<\/p>\n<p style=\"text-align: justify\">&#8220;Ide pelo mundo inteiro e anunciai o Evangelho a toda criatura!&#8221;<\/p>\n<p style=\"text-align: justify\">&#8220;Quem crer e for batizado ser\u00e1 salvo e quem n\u00e3o crer ser\u00e1 condenado.&#8221;<\/p>\n<p style=\"text-align: justify\"><a href=\"http:\/\/blog.cancaonova.com\/paisecatequistas\/files\/2012\/05\/EVANGELHO_ASCENSAO11.jpg\" target=\"_blank\"><img loading=\"lazy\" decoding=\"async\" class=\"aligncenter size-full wp-image-4349\" src=\"http:\/\/blog.cancaonova.com\/paisecatequistas\/files\/2012\/05\/EVANGELHO_ASCENSAO11.jpg\" alt=\"\" width=\"400\" height=\"600\" srcset=\"https:\/\/blog.cancaonova.com\/paisecatequistas\/files\/2012\/05\/EVANGELHO_ASCENSAO11.jpg 400w, https:\/\/blog.cancaonova.com\/paisecatequistas\/files\/2012\/05\/EVANGELHO_ASCENSAO11-200x300.jpg 200w\" sizes=\"(max-width: 400px) 100vw, 400px\" \/><\/a><\/p>\n<p style=\"text-align: justify\">\n<p style=\"text-align: justify\">\n","protected":false},"excerpt":{"rendered":"<p>Ol\u00e1 pais e catequistas, a paz de Jesus! O Evangelho desse domingo est\u00e1 em Mc 16,15-20\u00a0 que nos\u00a0 fala da Ascens\u00e3o do Nosso Senhor Jesus Cristo, que voltou para o Pai e est\u00e1 sentado \u00e0 sua direita. Voltando para o&#8230;<\/p>\n","protected":false},"author":4340,"featured_media":0,"comment_status":"open","ping_status":"open","sticky":false,"template":"","format":"standard","meta":{"_mi_skip_tracking":false,"_monsterinsights_sitenote_active":false,"_monsterinsights_sitenote_note":"","_monsterinsights_sitenote_category":0,"footnotes":""},"categories":[16089,17601],"tags":[54651,17401,24905,77074,17057],"_links":{"self":[{"href":"https:\/\/blog.cancaonova.com\/paisecatequistas\/wp-json\/wp\/v2\/posts\/4321"}],"collection":[{"href":"https:\/\/blog.cancaonova.com\/paisecatequistas\/wp-json\/wp\/v2\/posts"}],"about":[{"href":"https:\/\/blog.cancaonova.com\/paisecatequistas\/wp-json\/wp\/v2\/types\/post"}],"author":[{"embeddable":true,"href":"https:\/\/blog.cancaonova.com\/paisecatequistas\/wp-json\/wp\/v2\/users\/4340"}],"replies":[{"embeddable":true,"href":"https:\/\/blog.cancaonova.com\/paisecatequistas\/wp-json\/wp\/v2\/comments?post=4321"}],"version-history":[{"count":16,"href":"https:\/\/blog.cancaonova.com\/paisecatequistas\/wp-json\/wp\/v2\/posts\/4321\/revisions"}],"predecessor-version":[{"id":4352,"href":"https:\/\/blog.cancaonova.com\/paisecatequistas\/wp-json\/wp\/v2\/posts\/4321\/revisions\/4352"}],"wp:attachment":[{"href":"https:\/\/blog.cancaonova.com\/paisecatequistas\/wp-json\/wp\/v2\/media?parent=4321"}],"wp:term":[{"taxonomy":"category","embeddable":true,"href":"https:\/\/blog.cancaonova.com\/paisecatequistas\/wp-json\/wp\/v2\/categories?post=4321"},{"taxonomy":"post_tag","embeddable":true,"href":"https:\/\/blog.cancaonova.com\/paisecatequistas\/wp-json\/wp\/v2\/tags?post=4321"}],"curies":[{"name":"wp","href":"https:\/\/api.w.org\/{rel}","templated":true}]}}