{"id":4340,"date":"2015-06-02T08:00:01","date_gmt":"2015-06-02T10:00:01","guid":{"rendered":"http:\/\/blog.cancaonova.com\/paisecatequistas\/?p=4340"},"modified":"2015-05-22T15:22:37","modified_gmt":"2015-05-22T17:22:37","slug":"eucaristia-nosso-tesouro-3","status":"publish","type":"post","link":"https:\/\/blog.cancaonova.com\/paisecatequistas\/eucaristia-nosso-tesouro-3\/","title":{"rendered":"Eucaristia nosso tesouro"},"content":{"rendered":"<p style=\"text-align: justify\">Ol\u00e1 pais e catequistas, tudo bem?<\/p>\n<p style=\"text-align: justify\">A paz de Jesus e o amor de Maria!<\/p>\n<p style=\"text-align: justify\">A dica de hoje aproveitando que estamos pr\u00f3ximos de celebrar Corpus Christi \u00e9 sobre um livro do Monsenhor Jonas Abib que nos leva a ter um profundo conhecimento e amor a Nosso Senhor Jesus Cristo na Eucaristia. Ela \u00e9 o nosso tesouro mais precioso \u00e9 o pr\u00f3prio Deus vivo que permanece em n\u00f3s e n\u00f3s Nele.<\/p>\n<p style=\"text-align: justify\">Uma breve hist\u00f3ria sobre a festa de Corpus Christi: Corpus Christi \u00e9 uma express\u00e3o em latim que significa \u201cCorpo de Cristo\u201d,\u00a0 \u00e9 celebrado 60 dias depois da P\u00e1scoa e no domingo depois de Pentecostes e que come\u00e7ou depois que um padre duvidou da presen\u00e7a de Cristo na h\u00f3stia consagrada e ela se transformou em carne viva durante uma Missa em que ele celebrava e esse peda\u00e7o de carne foi levado em prociss\u00e3o at\u00e9 Oviedo na It\u00e1lia.<\/p>\n<p style=\"text-align: justify\"><a href=\"http:\/\/loja.cancaonova.com\/products\/9653-livro-eucaristia-nosso-tesouro\" target=\"_blank\"><img loading=\"lazy\" decoding=\"async\" class=\"aligncenter size-medium wp-image-4440\" src=\"http:\/\/blog.cancaonova.com\/paisecatequistas\/files\/2012\/06\/eucaristia-nosso-tesouro-300x300.jpg\" alt=\"\" width=\"300\" height=\"300\" srcset=\"https:\/\/blog.cancaonova.com\/paisecatequistas\/files\/2012\/06\/eucaristia-nosso-tesouro-300x300.jpg 300w, https:\/\/blog.cancaonova.com\/paisecatequistas\/files\/2012\/06\/eucaristia-nosso-tesouro-150x150.jpg 150w, https:\/\/blog.cancaonova.com\/paisecatequistas\/files\/2012\/06\/eucaristia-nosso-tesouro.jpg 500w\" sizes=\"(max-width: 300px) 100vw, 300px\" \/><\/a><\/p>\n","protected":false},"excerpt":{"rendered":"<p>Ol\u00e1 pais e catequistas, tudo bem? A paz de Jesus e o amor de Maria! A dica de hoje aproveitando que estamos pr\u00f3ximos de celebrar Corpus Christi \u00e9 sobre um livro do Monsenhor Jonas Abib que nos leva a ter&#8230;<\/p>\n","protected":false},"author":4340,"featured_media":0,"comment_status":"open","ping_status":"open","sticky":false,"template":"","format":"standard","meta":{"_mi_skip_tracking":false,"_monsterinsights_sitenote_active":false,"_monsterinsights_sitenote_note":"","_monsterinsights_sitenote_category":0,"footnotes":""},"categories":[27817],"tags":[26569,27000,13461,5831,20614],"_links":{"self":[{"href":"https:\/\/blog.cancaonova.com\/paisecatequistas\/wp-json\/wp\/v2\/posts\/4340"}],"collection":[{"href":"https:\/\/blog.cancaonova.com\/paisecatequistas\/wp-json\/wp\/v2\/posts"}],"about":[{"href":"https:\/\/blog.cancaonova.com\/paisecatequistas\/wp-json\/wp\/v2\/types\/post"}],"author":[{"embeddable":true,"href":"https:\/\/blog.cancaonova.com\/paisecatequistas\/wp-json\/wp\/v2\/users\/4340"}],"replies":[{"embeddable":true,"href":"https:\/\/blog.cancaonova.com\/paisecatequistas\/wp-json\/wp\/v2\/comments?post=4340"}],"version-history":[{"count":23,"href":"https:\/\/blog.cancaonova.com\/paisecatequistas\/wp-json\/wp\/v2\/posts\/4340\/revisions"}],"predecessor-version":[{"id":7291,"href":"https:\/\/blog.cancaonova.com\/paisecatequistas\/wp-json\/wp\/v2\/posts\/4340\/revisions\/7291"}],"wp:attachment":[{"href":"https:\/\/blog.cancaonova.com\/paisecatequistas\/wp-json\/wp\/v2\/media?parent=4340"}],"wp:term":[{"taxonomy":"category","embeddable":true,"href":"https:\/\/blog.cancaonova.com\/paisecatequistas\/wp-json\/wp\/v2\/categories?post=4340"},{"taxonomy":"post_tag","embeddable":true,"href":"https:\/\/blog.cancaonova.com\/paisecatequistas\/wp-json\/wp\/v2\/tags?post=4340"}],"curies":[{"name":"wp","href":"https:\/\/api.w.org\/{rel}","templated":true}]}}