{"id":4401,"date":"2016-05-12T08:00:16","date_gmt":"2016-05-12T10:00:16","guid":{"rendered":"http:\/\/blog.cancaonova.com\/paisecatequistas\/?p=4401"},"modified":"2016-05-09T14:41:01","modified_gmt":"2016-05-09T16:41:01","slug":"evangelho-joao-2019-23","status":"publish","type":"post","link":"https:\/\/blog.cancaonova.com\/paisecatequistas\/evangelho-joao-2019-23\/","title":{"rendered":"Evangelho Jo\u00e3o 20,19-23"},"content":{"rendered":"<p style=\"text-align: justify\">Ol\u00e1 pais e catequistas, tudo bem?<\/p>\n<p style=\"text-align: justify\">A paz de Jesus e o amor de Maria!!<\/p>\n<p style=\"text-align: justify\">O Evangelho desse Domingo celebra a descida do Esp\u00edrito Santo sobre os ap\u00f3stolos, que \u00e9 o Pentecostes onde l\u00ednguas de fogo desceram sobre eles lhes dando os dons ou carismas do Esp\u00edrito.<\/p>\n<p style=\"text-align: justify\">Para ajudar os catequisandos a entender melhor esse Evangelho tem uma hist\u00f3ria que foi escrita pela Tia Adelita sobre um santo muito querido que em uma certa situa\u00e7\u00e3o em sua vida teve de usar alguns desses dons. Voc\u00ea pode aproveitar ainda e fazer um teatro com eles.<\/p>\n<p style=\"text-align: justify\"><a href=\"http:\/\/blog.cancaonova.com\/paisecatequistas\/files\/2012\/05\/pe-pio-2.pdf\">Clique aqui e fa\u00e7a download.<\/a><\/p>\n<p style=\"text-align: justify\">E logo abaixo os desenhos desta passagem de quando Jesus aparece para os disc\u00edpulos.<\/p>\n<p style=\"text-align: justify\"><a href=\"http:\/\/blog.cancaonova.com\/cantinho\/files\/2012\/05\/evangelho_27-05-_12.jpg\" target=\"_blank\"><img loading=\"lazy\" decoding=\"async\" src=\"http:\/\/blog.cancaonova.com\/cantinho\/files\/2012\/05\/evangelho_27-05-_12.jpg\" alt=\"Evangelho para colorir de domingo\" width=\"400\" height=\"600\" \/><\/a><\/p>\n<div style=\"width: 210px\" class=\"wp-caption alignnone\"><a href=\"http:\/\/blog.cancaonova.com\/cantinho\/files\/2012\/05\/evangelho_27-05-12pb.jpg\" target=\"_blank\"><img loading=\"lazy\" decoding=\"async\" src=\"http:\/\/blog.cancaonova.com\/cantinho\/files\/2012\/05\/evangelho_27-05-12pb-200x300.jpg\" alt=\"para colorir o evangelho\" width=\"200\" height=\"300\" \/><\/a><p class=\"wp-caption-text\">Clique no desenho para imprimir e colorir<\/p><\/div>\n<p style=\"text-align: justify\">\n","protected":false},"excerpt":{"rendered":"<p>Ol\u00e1 pais e catequistas, tudo bem? A paz de Jesus e o amor de Maria!! O Evangelho desse Domingo celebra a descida do Esp\u00edrito Santo sobre os ap\u00f3stolos, que \u00e9 o Pentecostes onde l\u00ednguas de fogo desceram sobre eles lhes&#8230;<\/p>\n","protected":false},"author":4340,"featured_media":0,"comment_status":"open","ping_status":"open","sticky":false,"template":"","format":"standard","meta":{"_mi_skip_tracking":false,"_monsterinsights_sitenote_active":false,"_monsterinsights_sitenote_note":"","_monsterinsights_sitenote_category":0,"footnotes":""},"categories":[17601,2881],"tags":[17235,16401,26686,17340,13031],"_links":{"self":[{"href":"https:\/\/blog.cancaonova.com\/paisecatequistas\/wp-json\/wp\/v2\/posts\/4401"}],"collection":[{"href":"https:\/\/blog.cancaonova.com\/paisecatequistas\/wp-json\/wp\/v2\/posts"}],"about":[{"href":"https:\/\/blog.cancaonova.com\/paisecatequistas\/wp-json\/wp\/v2\/types\/post"}],"author":[{"embeddable":true,"href":"https:\/\/blog.cancaonova.com\/paisecatequistas\/wp-json\/wp\/v2\/users\/4340"}],"replies":[{"embeddable":true,"href":"https:\/\/blog.cancaonova.com\/paisecatequistas\/wp-json\/wp\/v2\/comments?post=4401"}],"version-history":[{"count":17,"href":"https:\/\/blog.cancaonova.com\/paisecatequistas\/wp-json\/wp\/v2\/posts\/4401\/revisions"}],"predecessor-version":[{"id":7286,"href":"https:\/\/blog.cancaonova.com\/paisecatequistas\/wp-json\/wp\/v2\/posts\/4401\/revisions\/7286"}],"wp:attachment":[{"href":"https:\/\/blog.cancaonova.com\/paisecatequistas\/wp-json\/wp\/v2\/media?parent=4401"}],"wp:term":[{"taxonomy":"category","embeddable":true,"href":"https:\/\/blog.cancaonova.com\/paisecatequistas\/wp-json\/wp\/v2\/categories?post=4401"},{"taxonomy":"post_tag","embeddable":true,"href":"https:\/\/blog.cancaonova.com\/paisecatequistas\/wp-json\/wp\/v2\/tags?post=4401"}],"curies":[{"name":"wp","href":"https:\/\/api.w.org\/{rel}","templated":true}]}}