{"id":4461,"date":"2012-05-30T15:00:22","date_gmt":"2012-05-30T17:00:22","guid":{"rendered":"http:\/\/blog.cancaonova.com\/paisecatequistas\/?p=4461"},"modified":"2012-05-30T14:53:11","modified_gmt":"2012-05-30T16:53:11","slug":"evangelho-mt-2816-20","status":"publish","type":"post","link":"https:\/\/blog.cancaonova.com\/paisecatequistas\/evangelho-mt-2816-20\/","title":{"rendered":"Evangelho - Mt 28,16-20"},"content":{"rendered":"<p>Ol\u00e1 pais e catequistas, tudo bem?<\/p>\n<p>A paz de Jesus e o amor de Maria.<\/p>\n<p>Nesse Domingo o Evangelho nos fala para fazermos disc\u00edpulos de Jesus todos os povos da Terra e batizarmos em nome do Pai, do Filho e Esp\u00edrito Santo.<\/p>\n<p>E Ele tamb\u00e9m estar\u00e1 sempre conosco todos os dias at\u00e9 o fim do mundo.<\/p>\n<p><a href=\"http:\/\/blog.cancaonova.com\/paisecatequistas\/files\/2012\/05\/evangelho_03-06-12.jpg\" target=\"_blank\"><img loading=\"lazy\" decoding=\"async\" class=\"aligncenter size-full wp-image-4471\" src=\"http:\/\/blog.cancaonova.com\/paisecatequistas\/files\/2012\/05\/evangelho_03-06-12.jpg\" alt=\"\" width=\"400\" height=\"600\" srcset=\"https:\/\/blog.cancaonova.com\/paisecatequistas\/files\/2012\/05\/evangelho_03-06-12.jpg 400w, https:\/\/blog.cancaonova.com\/paisecatequistas\/files\/2012\/05\/evangelho_03-06-12-200x300.jpg 200w\" sizes=\"(max-width: 400px) 100vw, 400px\" \/><\/a><\/p>\n<div id=\"attachment_4470\" style=\"width: 210px\" class=\"wp-caption aligncenter\"><a href=\"http:\/\/blog.cancaonova.com\/paisecatequistas\/files\/2012\/05\/evangelho_03-06-12-pb.jpg\" target=\"_blank\"><img loading=\"lazy\" decoding=\"async\" aria-describedby=\"caption-attachment-4470\" class=\"size-medium wp-image-4470\" src=\"http:\/\/blog.cancaonova.com\/paisecatequistas\/files\/2012\/05\/evangelho_03-06-12-pb-200x300.jpg\" alt=\"Evangelho da missa de domingo para colorir\" width=\"200\" height=\"300\" srcset=\"https:\/\/blog.cancaonova.com\/paisecatequistas\/files\/2012\/05\/evangelho_03-06-12-pb-200x300.jpg 200w, https:\/\/blog.cancaonova.com\/paisecatequistas\/files\/2012\/05\/evangelho_03-06-12-pb.jpg 400w\" sizes=\"(max-width: 200px) 100vw, 200px\" \/><\/a><p id=\"caption-attachment-4470\" class=\"wp-caption-text\">Clique no desenho para imprimir e colorir<\/p><\/div>\n<p style=\"text-align: center\">\n","protected":false},"excerpt":{"rendered":"<p>Ol\u00e1 pais e catequistas, tudo bem? A paz de Jesus e o amor de Maria. Nesse Domingo o Evangelho nos fala para fazermos disc\u00edpulos de Jesus todos os povos da Terra e batizarmos em nome do Pai, do Filho e&#8230;<\/p>\n","protected":false},"author":4340,"featured_media":0,"comment_status":"open","ping_status":"open","sticky":false,"template":"","format":"standard","meta":{"_mi_skip_tracking":false,"_monsterinsights_sitenote_active":false,"_monsterinsights_sitenote_note":"","_monsterinsights_sitenote_category":0,"footnotes":""},"categories":[17601],"tags":[118319,16512,23606,17057,31833],"_links":{"self":[{"href":"https:\/\/blog.cancaonova.com\/paisecatequistas\/wp-json\/wp\/v2\/posts\/4461"}],"collection":[{"href":"https:\/\/blog.cancaonova.com\/paisecatequistas\/wp-json\/wp\/v2\/posts"}],"about":[{"href":"https:\/\/blog.cancaonova.com\/paisecatequistas\/wp-json\/wp\/v2\/types\/post"}],"author":[{"embeddable":true,"href":"https:\/\/blog.cancaonova.com\/paisecatequistas\/wp-json\/wp\/v2\/users\/4340"}],"replies":[{"embeddable":true,"href":"https:\/\/blog.cancaonova.com\/paisecatequistas\/wp-json\/wp\/v2\/comments?post=4461"}],"version-history":[{"count":7,"href":"https:\/\/blog.cancaonova.com\/paisecatequistas\/wp-json\/wp\/v2\/posts\/4461\/revisions"}],"predecessor-version":[{"id":4463,"href":"https:\/\/blog.cancaonova.com\/paisecatequistas\/wp-json\/wp\/v2\/posts\/4461\/revisions\/4463"}],"wp:attachment":[{"href":"https:\/\/blog.cancaonova.com\/paisecatequistas\/wp-json\/wp\/v2\/media?parent=4461"}],"wp:term":[{"taxonomy":"category","embeddable":true,"href":"https:\/\/blog.cancaonova.com\/paisecatequistas\/wp-json\/wp\/v2\/categories?post=4461"},{"taxonomy":"post_tag","embeddable":true,"href":"https:\/\/blog.cancaonova.com\/paisecatequistas\/wp-json\/wp\/v2\/tags?post=4461"}],"curies":[{"name":"wp","href":"https:\/\/api.w.org\/{rel}","templated":true}]}}