{"id":4499,"date":"2013-06-17T08:00:05","date_gmt":"2013-06-17T10:00:05","guid":{"rendered":"http:\/\/blog.cancaonova.com\/paisecatequistas\/?p=4499"},"modified":"2013-05-21T10:48:38","modified_gmt":"2013-05-21T12:48:38","slug":"marca-paginas","status":"publish","type":"post","link":"https:\/\/blog.cancaonova.com\/paisecatequistas\/marca-paginas\/","title":{"rendered":"Marca p\u00e1ginas"},"content":{"rendered":"<p>Ol\u00e1 pais e catequistas, a paz de Jesus!<\/p>\n<p>Hoje vou dar uma dica de atividade para os catequisandos.<\/p>\n<p>\u00c9 um marca p\u00e1ginas para ser feito em cartolina ou papel cart\u00e3o, onde os catequisandos ir\u00e3o escrever uma frase que pode ser de acordo com o desenho ou n\u00e3o, depois de escrever cada um recorta o seu.<a href=\"http:\/\/blog.cancaonova.com\/paisecatequistas\/files\/2012\/06\/Marcador1.jpg\"><img loading=\"lazy\" decoding=\"async\" class=\"aligncenter size-medium wp-image-4508\" src=\"http:\/\/blog.cancaonova.com\/paisecatequistas\/files\/2012\/06\/Marcador1-300x212.jpg\" alt=\"\" width=\"300\" height=\"212\" \/><\/a><\/p>\n<p><a href=\"http:\/\/blog.cancaonova.com\/paisecatequistas\/files\/2012\/06\/marcador-de-paginas.jpg\" target=\"_self\"><\/a><\/p>\n","protected":false},"excerpt":{"rendered":"<p>Ol\u00e1 pais e catequistas, a paz de Jesus! Hoje vou dar uma dica de atividade para os catequisandos. \u00c9 um marca p\u00e1ginas para ser feito em cartolina ou papel cart\u00e3o, onde os catequisandos ir\u00e3o escrever uma frase que pode ser&#8230;<\/p>\n","protected":false},"author":4340,"featured_media":0,"comment_status":"open","ping_status":"open","sticky":false,"template":"","format":"standard","meta":{"_mi_skip_tracking":false,"_monsterinsights_sitenote_active":false,"_monsterinsights_sitenote_note":"","_monsterinsights_sitenote_category":0,"footnotes":""},"categories":[16089],"tags":[118328,16773,16551,15990,21878],"_links":{"self":[{"href":"https:\/\/blog.cancaonova.com\/paisecatequistas\/wp-json\/wp\/v2\/posts\/4499"}],"collection":[{"href":"https:\/\/blog.cancaonova.com\/paisecatequistas\/wp-json\/wp\/v2\/posts"}],"about":[{"href":"https:\/\/blog.cancaonova.com\/paisecatequistas\/wp-json\/wp\/v2\/types\/post"}],"author":[{"embeddable":true,"href":"https:\/\/blog.cancaonova.com\/paisecatequistas\/wp-json\/wp\/v2\/users\/4340"}],"replies":[{"embeddable":true,"href":"https:\/\/blog.cancaonova.com\/paisecatequistas\/wp-json\/wp\/v2\/comments?post=4499"}],"version-history":[{"count":11,"href":"https:\/\/blog.cancaonova.com\/paisecatequistas\/wp-json\/wp\/v2\/posts\/4499\/revisions"}],"predecessor-version":[{"id":6102,"href":"https:\/\/blog.cancaonova.com\/paisecatequistas\/wp-json\/wp\/v2\/posts\/4499\/revisions\/6102"}],"wp:attachment":[{"href":"https:\/\/blog.cancaonova.com\/paisecatequistas\/wp-json\/wp\/v2\/media?parent=4499"}],"wp:term":[{"taxonomy":"category","embeddable":true,"href":"https:\/\/blog.cancaonova.com\/paisecatequistas\/wp-json\/wp\/v2\/categories?post=4499"},{"taxonomy":"post_tag","embeddable":true,"href":"https:\/\/blog.cancaonova.com\/paisecatequistas\/wp-json\/wp\/v2\/tags?post=4499"}],"curies":[{"name":"wp","href":"https:\/\/api.w.org\/{rel}","templated":true}]}}