{"id":4531,"date":"2014-07-11T08:00:05","date_gmt":"2014-07-11T10:00:05","guid":{"rendered":"http:\/\/blog.cancaonova.com\/paisecatequistas\/?p=4531"},"modified":"2014-06-26T12:06:45","modified_gmt":"2014-06-26T14:06:45","slug":"caca-palavras-3","status":"publish","type":"post","link":"https:\/\/blog.cancaonova.com\/paisecatequistas\/caca-palavras-3\/","title":{"rendered":"Ca\u00e7a-palavras"},"content":{"rendered":"<p>Ol\u00e1 pais e catequistas, a paz de Jesus!<\/p>\n<p>Hoje nossa atividade \u00e9 um ca\u00e7a-palavras a respeito do Evangelho\u00a0que compara o\u00a0 Reino de Deus a um gr\u00e3o de mostarda, que \u00e9 o menor dos gr\u00e3os e quando germina se torna a maior das hortali\u00e7as.<\/p>\n<p>\u00c9 s\u00f3 clicar no desenho e imprimir, vamos l\u00e1?<\/p>\n<p><a href=\"http:\/\/blog.cancaonova.com\/paisecatequistas\/files\/2012\/06\/semeador.jpg\" target=\"_blank\"><img loading=\"lazy\" decoding=\"async\" class=\"aligncenter size-medium wp-image-4543\" src=\"http:\/\/blog.cancaonova.com\/paisecatequistas\/files\/2012\/06\/semeador-211x300.jpg\" alt=\"\" width=\"211\" height=\"300\" srcset=\"https:\/\/blog.cancaonova.com\/paisecatequistas\/files\/2012\/06\/semeador-211x300.jpg 211w, https:\/\/blog.cancaonova.com\/paisecatequistas\/files\/2012\/06\/semeador.jpg 595w\" sizes=\"(max-width: 211px) 100vw, 211px\" \/><\/a><\/p>\n<p style=\"text-align: center\">\n","protected":false},"excerpt":{"rendered":"<p>Ol\u00e1 pais e catequistas, a paz de Jesus! Hoje nossa atividade \u00e9 um ca\u00e7a-palavras a respeito do Evangelho\u00a0que compara o\u00a0 Reino de Deus a um gr\u00e3o de mostarda, que \u00e9 o menor dos gr\u00e3os e quando germina se torna a&#8230;<\/p>\n","protected":false},"author":4340,"featured_media":0,"comment_status":"open","ping_status":"open","sticky":false,"template":"","format":"standard","meta":{"_mi_skip_tracking":false,"_monsterinsights_sitenote_active":false,"_monsterinsights_sitenote_note":"","_monsterinsights_sitenote_category":0,"footnotes":""},"categories":[16089],"tags":[118337,34142,118338,19841,19290],"_links":{"self":[{"href":"https:\/\/blog.cancaonova.com\/paisecatequistas\/wp-json\/wp\/v2\/posts\/4531"}],"collection":[{"href":"https:\/\/blog.cancaonova.com\/paisecatequistas\/wp-json\/wp\/v2\/posts"}],"about":[{"href":"https:\/\/blog.cancaonova.com\/paisecatequistas\/wp-json\/wp\/v2\/types\/post"}],"author":[{"embeddable":true,"href":"https:\/\/blog.cancaonova.com\/paisecatequistas\/wp-json\/wp\/v2\/users\/4340"}],"replies":[{"embeddable":true,"href":"https:\/\/blog.cancaonova.com\/paisecatequistas\/wp-json\/wp\/v2\/comments?post=4531"}],"version-history":[{"count":15,"href":"https:\/\/blog.cancaonova.com\/paisecatequistas\/wp-json\/wp\/v2\/posts\/4531\/revisions"}],"predecessor-version":[{"id":6808,"href":"https:\/\/blog.cancaonova.com\/paisecatequistas\/wp-json\/wp\/v2\/posts\/4531\/revisions\/6808"}],"wp:attachment":[{"href":"https:\/\/blog.cancaonova.com\/paisecatequistas\/wp-json\/wp\/v2\/media?parent=4531"}],"wp:term":[{"taxonomy":"category","embeddable":true,"href":"https:\/\/blog.cancaonova.com\/paisecatequistas\/wp-json\/wp\/v2\/categories?post=4531"},{"taxonomy":"post_tag","embeddable":true,"href":"https:\/\/blog.cancaonova.com\/paisecatequistas\/wp-json\/wp\/v2\/tags?post=4531"}],"curies":[{"name":"wp","href":"https:\/\/api.w.org\/{rel}","templated":true}]}}