{"id":4563,"date":"2012-06-25T10:00:11","date_gmt":"2012-06-25T12:00:11","guid":{"rendered":"http:\/\/blog.cancaonova.com\/paisecatequistas\/?p=4563"},"modified":"2012-06-18T17:40:32","modified_gmt":"2012-06-18T19:40:32","slug":"meu-diario-da-palavra-de-deus","status":"publish","type":"post","link":"https:\/\/blog.cancaonova.com\/paisecatequistas\/meu-diario-da-palavra-de-deus\/","title":{"rendered":"\" Meu di\u00e1rio da Palavra de Deus\""},"content":{"rendered":"<p>Ol\u00e1 pais e catequistas, tudo bem?<\/p>\n<p>A paz de Jesus e o amor de Maria!<\/p>\n<p>A dica hoje \u00e9 de um livro que com certeza vai ajudar os catequisandos a compreender a Palavra de Deus e viverem o que ela ensina.<\/p>\n<p>Esse livro \u00e9 uma adpta\u00e7\u00e3o do m\u00e9todo &#8220;A B\u00edblia foi escrita para voc\u00ea&#8221; de Monsenhor  Jonas Abib voltada especialmente para as crian\u00e7as.<\/p>\n<p><a href=\"http:\/\/loja.cancaonova.com\/products\/14688-meu-diario-da-palavra-de-deus\" target=\"_blank\"><img loading=\"lazy\" decoding=\"async\" class=\"aligncenter size-medium wp-image-4564\" src=\"http:\/\/blog.cancaonova.com\/paisecatequistas\/files\/2012\/06\/Diarinho-da-Palavra-de-Deus-300x300.jpg\" alt=\"\" width=\"300\" height=\"300\" srcset=\"https:\/\/blog.cancaonova.com\/paisecatequistas\/files\/2012\/06\/Diarinho-da-Palavra-de-Deus-300x300.jpg 300w, https:\/\/blog.cancaonova.com\/paisecatequistas\/files\/2012\/06\/Diarinho-da-Palavra-de-Deus-150x150.jpg 150w, https:\/\/blog.cancaonova.com\/paisecatequistas\/files\/2012\/06\/Diarinho-da-Palavra-de-Deus.jpg 500w\" sizes=\"(max-width: 300px) 100vw, 300px\" \/><\/a><\/p>\n","protected":false},"excerpt":{"rendered":"<p>Ol\u00e1 pais e catequistas, tudo bem? A paz de Jesus e o amor de Maria! A dica hoje \u00e9 de um livro que com certeza vai ajudar os catequisandos a compreender a Palavra de Deus e viverem o que ela&#8230;<\/p>\n","protected":false},"author":4340,"featured_media":0,"comment_status":"open","ping_status":"open","sticky":false,"template":"","format":"standard","meta":{"_mi_skip_tracking":false,"_monsterinsights_sitenote_active":false,"_monsterinsights_sitenote_note":"","_monsterinsights_sitenote_category":0,"footnotes":""},"categories":[27817],"tags":[25927,15792,4931,5831,16248],"_links":{"self":[{"href":"https:\/\/blog.cancaonova.com\/paisecatequistas\/wp-json\/wp\/v2\/posts\/4563"}],"collection":[{"href":"https:\/\/blog.cancaonova.com\/paisecatequistas\/wp-json\/wp\/v2\/posts"}],"about":[{"href":"https:\/\/blog.cancaonova.com\/paisecatequistas\/wp-json\/wp\/v2\/types\/post"}],"author":[{"embeddable":true,"href":"https:\/\/blog.cancaonova.com\/paisecatequistas\/wp-json\/wp\/v2\/users\/4340"}],"replies":[{"embeddable":true,"href":"https:\/\/blog.cancaonova.com\/paisecatequistas\/wp-json\/wp\/v2\/comments?post=4563"}],"version-history":[{"count":4,"href":"https:\/\/blog.cancaonova.com\/paisecatequistas\/wp-json\/wp\/v2\/posts\/4563\/revisions"}],"predecessor-version":[{"id":4567,"href":"https:\/\/blog.cancaonova.com\/paisecatequistas\/wp-json\/wp\/v2\/posts\/4563\/revisions\/4567"}],"wp:attachment":[{"href":"https:\/\/blog.cancaonova.com\/paisecatequistas\/wp-json\/wp\/v2\/media?parent=4563"}],"wp:term":[{"taxonomy":"category","embeddable":true,"href":"https:\/\/blog.cancaonova.com\/paisecatequistas\/wp-json\/wp\/v2\/categories?post=4563"},{"taxonomy":"post_tag","embeddable":true,"href":"https:\/\/blog.cancaonova.com\/paisecatequistas\/wp-json\/wp\/v2\/tags?post=4563"}],"curies":[{"name":"wp","href":"https:\/\/api.w.org\/{rel}","templated":true}]}}