{"id":4569,"date":"2015-06-24T08:00:45","date_gmt":"2015-06-24T10:00:45","guid":{"rendered":"http:\/\/blog.cancaonova.com\/paisecatequistas\/?p=4569"},"modified":"2015-05-22T15:12:43","modified_gmt":"2015-05-22T17:12:43","slug":"evangelho-lc-157-66","status":"publish","type":"post","link":"https:\/\/blog.cancaonova.com\/paisecatequistas\/evangelho-lc-157-66\/","title":{"rendered":"Viva Jo\u00e3o Batista"},"content":{"rendered":"<p>Ol\u00e1 pais e catequistas a paz de Jesus!<\/p>\n<p>O Evangelho de Lc 1,57 nos conta sobre o nascimento de Jo\u00e3o Batista e nos mostra a atua\u00e7\u00e3o de Deus na hist\u00f3ria e que na maioria das vezes n\u00e3o entendemos esta atua\u00e7\u00e3o ou os nossos projetos n\u00e3o s\u00e3o os mesmos dele.<\/p>\n<p>Mas quando vivemos conforme a vontade de Deus, a gra\u00e7a divina atua em n\u00f3s, a m\u00e3o do Senhor est\u00e1 conosco e a nossa boca se abre para anunciar suas maravilhas e proclamar os seus louvores.<\/p>\n<p><a href=\"http:\/\/blog.cancaonova.com\/paisecatequistas\/files\/2012\/06\/4_semana_junho-preto_branco.jpg\" target=\"_blank\"><img loading=\"lazy\" decoding=\"async\" class=\"aligncenter size-medium wp-image-4574\" src=\"http:\/\/blog.cancaonova.com\/paisecatequistas\/files\/2012\/06\/4_semana_junho-preto_branco-199x300.jpg\" alt=\"\" width=\"199\" height=\"300\" srcset=\"https:\/\/blog.cancaonova.com\/paisecatequistas\/files\/2012\/06\/4_semana_junho-preto_branco-199x300.jpg 199w, https:\/\/blog.cancaonova.com\/paisecatequistas\/files\/2012\/06\/4_semana_junho-preto_branco-682x1024.jpg 682w, https:\/\/blog.cancaonova.com\/paisecatequistas\/files\/2012\/06\/4_semana_junho-preto_branco.jpg 1417w\" sizes=\"(max-width: 199px) 100vw, 199px\" \/><\/a><\/p>\n","protected":false},"excerpt":{"rendered":"<p>Ol\u00e1 pais e catequistas a paz de Jesus! O Evangelho de Lc 1,57 nos conta sobre o nascimento de Jo\u00e3o Batista e nos mostra a atua\u00e7\u00e3o de Deus na hist\u00f3ria e que na maioria das vezes n\u00e3o entendemos esta atua\u00e7\u00e3o&#8230;<\/p>\n","protected":false},"author":4340,"featured_media":0,"comment_status":"open","ping_status":"open","sticky":false,"template":"","format":"standard","meta":{"_mi_skip_tracking":false,"_monsterinsights_sitenote_active":false,"_monsterinsights_sitenote_note":"","_monsterinsights_sitenote_category":0,"footnotes":""},"categories":[17601],"tags":[34726,22302,16116,11,21092],"_links":{"self":[{"href":"https:\/\/blog.cancaonova.com\/paisecatequistas\/wp-json\/wp\/v2\/posts\/4569"}],"collection":[{"href":"https:\/\/blog.cancaonova.com\/paisecatequistas\/wp-json\/wp\/v2\/posts"}],"about":[{"href":"https:\/\/blog.cancaonova.com\/paisecatequistas\/wp-json\/wp\/v2\/types\/post"}],"author":[{"embeddable":true,"href":"https:\/\/blog.cancaonova.com\/paisecatequistas\/wp-json\/wp\/v2\/users\/4340"}],"replies":[{"embeddable":true,"href":"https:\/\/blog.cancaonova.com\/paisecatequistas\/wp-json\/wp\/v2\/comments?post=4569"}],"version-history":[{"count":8,"href":"https:\/\/blog.cancaonova.com\/paisecatequistas\/wp-json\/wp\/v2\/posts\/4569\/revisions"}],"predecessor-version":[{"id":7282,"href":"https:\/\/blog.cancaonova.com\/paisecatequistas\/wp-json\/wp\/v2\/posts\/4569\/revisions\/7282"}],"wp:attachment":[{"href":"https:\/\/blog.cancaonova.com\/paisecatequistas\/wp-json\/wp\/v2\/media?parent=4569"}],"wp:term":[{"taxonomy":"category","embeddable":true,"href":"https:\/\/blog.cancaonova.com\/paisecatequistas\/wp-json\/wp\/v2\/categories?post=4569"},{"taxonomy":"post_tag","embeddable":true,"href":"https:\/\/blog.cancaonova.com\/paisecatequistas\/wp-json\/wp\/v2\/tags?post=4569"}],"curies":[{"name":"wp","href":"https:\/\/api.w.org\/{rel}","templated":true}]}}