{"id":4579,"date":"2015-06-24T10:00:01","date_gmt":"2015-06-24T12:00:01","guid":{"rendered":"http:\/\/blog.cancaonova.com\/paisecatequistas\/?p=4579"},"modified":"2015-06-08T09:37:40","modified_gmt":"2015-06-08T11:37:40","slug":"desenho-para-colorir","status":"publish","type":"post","link":"https:\/\/blog.cancaonova.com\/paisecatequistas\/desenho-para-colorir\/","title":{"rendered":"Viva Jo\u00e3o Batista"},"content":{"rendered":"<p style=\"text-align: justify\">Ol\u00e1 pais e catequistas, tudo bem?<\/p>\n<p style=\"text-align: justify\">A paz de Jesus e o amor de Maria!<\/p>\n<p style=\"text-align: justify\">A atividade de hoje \u00e9 um desenho para colorir sobre S\u00e3o Jo\u00e3o Batista, batista porque foi ele quem batizou Jesus e \u00e9 um dos santos mais populares em todo o mundo crist\u00e3o cuja festa se comemora no dia 24 de junho.<\/p>\n<p style=\"text-align: justify\">\u00c9 uma festa alegre com m\u00fasicas, dan\u00e7as, comidas t\u00edpicas tendo o ponto central a fogueira. Voc\u00ea sabe o que a fogueira tem a ver com S\u00e3o Jo\u00e3o?<\/p>\n<p style=\"text-align: justify\">Sua m\u00e3e Isabel quando recebeu a visita de sua prima Maria ao se despedir combinou que uma fogueira seria um sinal do nascimento de seu filho para que assim sua prima pudesse ir ajud\u00e1-la no p\u00f3s-parto. Por isso que sempre tem uma fogueira nas festas de S\u00e3o Jo\u00e3o.<\/p>\n<p style=\"text-align: center\"><a href=\"http:\/\/blog.cancaonova.com\/paisecatequistas\/files\/2012\/06\/joao_batizando.jpg\" target=\"_blank\"><img loading=\"lazy\" decoding=\"async\" class=\"size-medium wp-image-4587 aligncenter\" src=\"http:\/\/blog.cancaonova.com\/paisecatequistas\/files\/2012\/06\/joao_batizando-300x225.jpg\" alt=\"\" width=\"300\" height=\"225\" srcset=\"https:\/\/blog.cancaonova.com\/paisecatequistas\/files\/2012\/06\/joao_batizando-300x225.jpg 300w, https:\/\/blog.cancaonova.com\/paisecatequistas\/files\/2012\/06\/joao_batizando.jpg 1024w\" sizes=\"(max-width: 300px) 100vw, 300px\" \/><\/a><\/p>\n","protected":false},"excerpt":{"rendered":"<p>Ol\u00e1 pais e catequistas, tudo bem? A paz de Jesus e o amor de Maria! A atividade de hoje \u00e9 um desenho para colorir sobre S\u00e3o Jo\u00e3o Batista, batista porque foi ele quem batizou Jesus e \u00e9 um dos santos&#8230;<\/p>\n","protected":false},"author":4340,"featured_media":0,"comment_status":"open","ping_status":"open","sticky":false,"template":"","format":"standard","meta":{"_mi_skip_tracking":false,"_monsterinsights_sitenote_active":false,"_monsterinsights_sitenote_note":"","_monsterinsights_sitenote_category":0,"footnotes":""},"categories":[16089],"tags":[118635,16773,16541,26202,62253,118349],"_links":{"self":[{"href":"https:\/\/blog.cancaonova.com\/paisecatequistas\/wp-json\/wp\/v2\/posts\/4579"}],"collection":[{"href":"https:\/\/blog.cancaonova.com\/paisecatequistas\/wp-json\/wp\/v2\/posts"}],"about":[{"href":"https:\/\/blog.cancaonova.com\/paisecatequistas\/wp-json\/wp\/v2\/types\/post"}],"author":[{"embeddable":true,"href":"https:\/\/blog.cancaonova.com\/paisecatequistas\/wp-json\/wp\/v2\/users\/4340"}],"replies":[{"embeddable":true,"href":"https:\/\/blog.cancaonova.com\/paisecatequistas\/wp-json\/wp\/v2\/comments?post=4579"}],"version-history":[{"count":20,"href":"https:\/\/blog.cancaonova.com\/paisecatequistas\/wp-json\/wp\/v2\/posts\/4579\/revisions"}],"predecessor-version":[{"id":6781,"href":"https:\/\/blog.cancaonova.com\/paisecatequistas\/wp-json\/wp\/v2\/posts\/4579\/revisions\/6781"}],"wp:attachment":[{"href":"https:\/\/blog.cancaonova.com\/paisecatequistas\/wp-json\/wp\/v2\/media?parent=4579"}],"wp:term":[{"taxonomy":"category","embeddable":true,"href":"https:\/\/blog.cancaonova.com\/paisecatequistas\/wp-json\/wp\/v2\/categories?post=4579"},{"taxonomy":"post_tag","embeddable":true,"href":"https:\/\/blog.cancaonova.com\/paisecatequistas\/wp-json\/wp\/v2\/tags?post=4579"}],"curies":[{"name":"wp","href":"https:\/\/api.w.org\/{rel}","templated":true}]}}