{"id":4600,"date":"2014-06-25T08:00:24","date_gmt":"2014-06-25T10:00:24","guid":{"rendered":"http:\/\/blog.cancaonova.com\/paisecatequistas\/?p=4600"},"modified":"2014-05-30T09:47:41","modified_gmt":"2014-05-30T11:47:41","slug":"evangelho-mateus-1613-19","status":"publish","type":"post","link":"https:\/\/blog.cancaonova.com\/paisecatequistas\/evangelho-mateus-1613-19\/","title":{"rendered":"Evangelho Mateus 16,13-19."},"content":{"rendered":"<p style=\"text-align: justify\">Ol\u00e1 pais e catequistas, a paz de Jesus!<\/p>\n<p style=\"text-align: justify\">O Evangelho desse domingo nos fala de S\u00e3o Pedro.<\/p>\n<p style=\"text-align: justify\">\u00c9 a Solenidade de S\u00e3o Pedro e S\u00e3o Paulo, estes santos que s\u00e3o considerados &#8220;os cabe\u00e7as dos ap\u00f3stolos&#8221; e as duas colunas da Igreja Crist\u00e3, tanto na f\u00e9 e prega\u00e7\u00e3o como no ardor e zelo mission\u00e1rios.<\/p>\n<p style=\"text-align: justify\">S\u00e3o Pedro \u00e9 nosso pastor \u00e9 na sua pessoa e nos seus sucessores que temos o sinal vis\u00edvel da unidade e da comunh\u00e3o na f\u00e9 e na caridade. S\u00e3o Paulo \u00e9 o maior mission\u00e1rio de todos os tempos, o advogado dos pag\u00e3os.<\/p>\n<p style=\"text-align: justify\">S\u00e3o Pedro e S\u00e3o Paulo, rogai por n\u00f3s!<\/p>\n<p style=\"text-align: justify\"><a href=\"http:\/\/blog.cancaonova.com\/paisecatequistas\/files\/2012\/06\/1_semana_evangelho_julho-preto_branco-pronto1.jpg\" target=\"_blank\"><img loading=\"lazy\" decoding=\"async\" class=\"aligncenter size-medium wp-image-4615\" alt=\"\" src=\"http:\/\/blog.cancaonova.com\/paisecatequistas\/files\/2012\/06\/1_semana_evangelho_julho-preto_branco-pronto1-199x300.jpg\" width=\"199\" height=\"300\" srcset=\"https:\/\/blog.cancaonova.com\/paisecatequistas\/files\/2012\/06\/1_semana_evangelho_julho-preto_branco-pronto1-199x300.jpg 199w, https:\/\/blog.cancaonova.com\/paisecatequistas\/files\/2012\/06\/1_semana_evangelho_julho-preto_branco-pronto1-682x1024.jpg 682w, https:\/\/blog.cancaonova.com\/paisecatequistas\/files\/2012\/06\/1_semana_evangelho_julho-preto_branco-pronto1.jpg 1417w\" sizes=\"(max-width: 199px) 100vw, 199px\" \/><\/a><\/p>\n<p style=\"text-align: justify\">\n","protected":false},"excerpt":{"rendered":"<p>Ol\u00e1 pais e catequistas, a paz de Jesus! O Evangelho desse domingo nos fala de S\u00e3o Pedro. \u00c9 a Solenidade de S\u00e3o Pedro e S\u00e3o Paulo, estes santos que s\u00e3o considerados &#8220;os cabe\u00e7as dos ap\u00f3stolos&#8221; e as duas colunas da&#8230;<\/p>\n","protected":false},"author":4340,"featured_media":0,"comment_status":"open","ping_status":"open","sticky":false,"template":"","format":"standard","meta":{"_mi_skip_tracking":false,"_monsterinsights_sitenote_active":false,"_monsterinsights_sitenote_note":"","_monsterinsights_sitenote_category":0,"footnotes":""},"categories":[17601],"tags":[44619,15812,29711,19133,271],"_links":{"self":[{"href":"https:\/\/blog.cancaonova.com\/paisecatequistas\/wp-json\/wp\/v2\/posts\/4600"}],"collection":[{"href":"https:\/\/blog.cancaonova.com\/paisecatequistas\/wp-json\/wp\/v2\/posts"}],"about":[{"href":"https:\/\/blog.cancaonova.com\/paisecatequistas\/wp-json\/wp\/v2\/types\/post"}],"author":[{"embeddable":true,"href":"https:\/\/blog.cancaonova.com\/paisecatequistas\/wp-json\/wp\/v2\/users\/4340"}],"replies":[{"embeddable":true,"href":"https:\/\/blog.cancaonova.com\/paisecatequistas\/wp-json\/wp\/v2\/comments?post=4600"}],"version-history":[{"count":13,"href":"https:\/\/blog.cancaonova.com\/paisecatequistas\/wp-json\/wp\/v2\/posts\/4600\/revisions"}],"predecessor-version":[{"id":6766,"href":"https:\/\/blog.cancaonova.com\/paisecatequistas\/wp-json\/wp\/v2\/posts\/4600\/revisions\/6766"}],"wp:attachment":[{"href":"https:\/\/blog.cancaonova.com\/paisecatequistas\/wp-json\/wp\/v2\/media?parent=4600"}],"wp:term":[{"taxonomy":"category","embeddable":true,"href":"https:\/\/blog.cancaonova.com\/paisecatequistas\/wp-json\/wp\/v2\/categories?post=4600"},{"taxonomy":"post_tag","embeddable":true,"href":"https:\/\/blog.cancaonova.com\/paisecatequistas\/wp-json\/wp\/v2\/tags?post=4600"}],"curies":[{"name":"wp","href":"https:\/\/api.w.org\/{rel}","templated":true}]}}