{"id":4617,"date":"2015-06-26T08:00:43","date_gmt":"2015-06-26T10:00:43","guid":{"rendered":"http:\/\/blog.cancaonova.com\/paisecatequistas\/?p=4617"},"modified":"2015-06-08T09:38:13","modified_gmt":"2015-06-08T11:38:13","slug":"sao-pedro-e-sao-paulo","status":"publish","type":"post","link":"https:\/\/blog.cancaonova.com\/paisecatequistas\/sao-pedro-e-sao-paulo\/","title":{"rendered":"S\u00e3o Pedro e S\u00e3o Paulo"},"content":{"rendered":"<p>Ol\u00e1 pais e catequistas, a paz de Jesus e o amor de Maria!<\/p>\n<p>Nossa atividade vai falar sobre os santos Pedro e Paulo, dois ap\u00f3stolos de Jesus que s\u00e3o conhecidos como as duas grandes colunas da Igreja.<\/p>\n<p>Quando falamos de Pedro lembramos em: poder das chaves, hierarquia, servi\u00e7o ministerial.\u00a0 Foi um ap\u00f3stolo muito querido de Jesus Cristo, que lhe disse: \u201cTu \u00e9s Pedro e sobre esta pedra edificarei a minha Igreja\u201d. E tamb\u00e9m foi o primeiro Papa.<\/p>\n<p>Quando falamos de Paulo, lembramos de carisma,\u00a0 evangeliza\u00e7\u00e3o,\u00a0 prega\u00e7\u00e3o. Pregou o Evangelho depois de sua convers\u00e3o, que se deu a caminho de Damasco.<\/p>\n<p>Na festa de S\u00e3o Pedro e S\u00e3o Paulo \u00e9 comemorado tamb\u00e9m o dia do Papa.<\/p>\n<p><a href=\"http:\/\/blog.cancaonova.com\/paisecatequistas\/files\/2012\/06\/CA\u00c7A-PALAVRAS-S\u00e3o-Pedro-e-S\u00e3o-Paulo.jpg\" target=\"_blank\"><img loading=\"lazy\" decoding=\"async\" class=\"aligncenter size-medium wp-image-4619\" src=\"http:\/\/blog.cancaonova.com\/paisecatequistas\/files\/2012\/06\/CA\u00c7A-PALAVRAS-S\u00e3o-Pedro-e-S\u00e3o-Paulo-200x300.jpg\" alt=\"\" width=\"200\" height=\"300\" srcset=\"https:\/\/blog.cancaonova.com\/paisecatequistas\/files\/2012\/06\/CA\u00c7A-PALAVRAS-S\u00e3o-Pedro-e-S\u00e3o-Paulo-200x300.jpg 200w, https:\/\/blog.cancaonova.com\/paisecatequistas\/files\/2012\/06\/CA\u00c7A-PALAVRAS-S\u00e3o-Pedro-e-S\u00e3o-Paulo.jpg 400w\" sizes=\"(max-width: 200px) 100vw, 200px\" \/><\/a><\/p>\n<p style=\"text-align: justify\">\n","protected":false},"excerpt":{"rendered":"<p>Ol\u00e1 pais e catequistas, a paz de Jesus e o amor de Maria! Nossa atividade vai falar sobre os santos Pedro e Paulo, dois ap\u00f3stolos de Jesus que s\u00e3o conhecidos como as duas grandes colunas da Igreja. Quando falamos de&#8230;<\/p>\n","protected":false},"author":4340,"featured_media":0,"comment_status":"open","ping_status":"open","sticky":false,"template":"","format":"standard","meta":{"_mi_skip_tracking":false,"_monsterinsights_sitenote_active":false,"_monsterinsights_sitenote_note":"","_monsterinsights_sitenote_category":0,"footnotes":""},"categories":[16089],"tags":[17235,18360,48896,75837,29536],"_links":{"self":[{"href":"https:\/\/blog.cancaonova.com\/paisecatequistas\/wp-json\/wp\/v2\/posts\/4617"}],"collection":[{"href":"https:\/\/blog.cancaonova.com\/paisecatequistas\/wp-json\/wp\/v2\/posts"}],"about":[{"href":"https:\/\/blog.cancaonova.com\/paisecatequistas\/wp-json\/wp\/v2\/types\/post"}],"author":[{"embeddable":true,"href":"https:\/\/blog.cancaonova.com\/paisecatequistas\/wp-json\/wp\/v2\/users\/4340"}],"replies":[{"embeddable":true,"href":"https:\/\/blog.cancaonova.com\/paisecatequistas\/wp-json\/wp\/v2\/comments?post=4617"}],"version-history":[{"count":12,"href":"https:\/\/blog.cancaonova.com\/paisecatequistas\/wp-json\/wp\/v2\/posts\/4617\/revisions"}],"predecessor-version":[{"id":7302,"href":"https:\/\/blog.cancaonova.com\/paisecatequistas\/wp-json\/wp\/v2\/posts\/4617\/revisions\/7302"}],"wp:attachment":[{"href":"https:\/\/blog.cancaonova.com\/paisecatequistas\/wp-json\/wp\/v2\/media?parent=4617"}],"wp:term":[{"taxonomy":"category","embeddable":true,"href":"https:\/\/blog.cancaonova.com\/paisecatequistas\/wp-json\/wp\/v2\/categories?post=4617"},{"taxonomy":"post_tag","embeddable":true,"href":"https:\/\/blog.cancaonova.com\/paisecatequistas\/wp-json\/wp\/v2\/tags?post=4617"}],"curies":[{"name":"wp","href":"https:\/\/api.w.org\/{rel}","templated":true}]}}