{"id":4643,"date":"2016-09-06T12:00:11","date_gmt":"2016-09-06T14:00:11","guid":{"rendered":"http:\/\/blog.cancaonova.com\/paisecatequistas\/?p=4643"},"modified":"2016-09-06T12:21:12","modified_gmt":"2016-09-06T14:21:12","slug":"cruzadinha","status":"publish","type":"post","link":"https:\/\/blog.cancaonova.com\/paisecatequistas\/cruzadinha\/","title":{"rendered":"Cruzadinha"},"content":{"rendered":"<p><strong>Atividade do dia.<\/strong><\/p>\n<p>Ol\u00e1, pais e catequistas, a paz de Jesus e o amor de Maria!<\/p>\n<p>A dica de hoje \u00e9 uma atividade &#8220;dois em um&#8221;, uma cruzadinha e um complete os vers\u00edculos, de acordo com que vai completando esses vers\u00edculos a cruzadinha tamb\u00e9m se completa.<\/p>\n<p>Clique no desenho para imprimir.<\/p>\n<p><a href=\"http:\/\/blog.cancaonova.com\/paisecatequistas\/files\/2013\/07\/cuzadinha-corrigida.jpg\"><img loading=\"lazy\" decoding=\"async\" class=\"aligncenter size-full wp-image-6288\" src=\"http:\/\/blog.cancaonova.com\/paisecatequistas\/files\/2013\/07\/cuzadinha-corrigida.jpg\" alt=\"\" width=\"647\" height=\"1029\" srcset=\"https:\/\/blog.cancaonova.com\/paisecatequistas\/files\/2013\/07\/cuzadinha-corrigida.jpg 647w, https:\/\/blog.cancaonova.com\/paisecatequistas\/files\/2013\/07\/cuzadinha-corrigida-188x300.jpg 188w, https:\/\/blog.cancaonova.com\/paisecatequistas\/files\/2013\/07\/cuzadinha-corrigida-643x1024.jpg 643w\" sizes=\"(max-width: 647px) 100vw, 647px\" \/><\/a><\/p>\n","protected":false},"excerpt":{"rendered":"<p>Atividade do dia. Ol\u00e1, pais e catequistas, a paz de Jesus e o amor de Maria! A dica de hoje \u00e9 uma atividade &#8220;dois em um&#8221;, uma cruzadinha e um complete os vers\u00edculos, de acordo com que vai completando esses&#8230;<\/p>\n","protected":false},"author":4340,"featured_media":0,"comment_status":"open","ping_status":"open","sticky":false,"template":"","format":"standard","meta":{"_mi_skip_tracking":false,"_monsterinsights_sitenote_active":false,"_monsterinsights_sitenote_note":"","_monsterinsights_sitenote_category":0,"footnotes":""},"categories":[16089],"tags":[16672,118650,19637,19905],"_links":{"self":[{"href":"https:\/\/blog.cancaonova.com\/paisecatequistas\/wp-json\/wp\/v2\/posts\/4643"}],"collection":[{"href":"https:\/\/blog.cancaonova.com\/paisecatequistas\/wp-json\/wp\/v2\/posts"}],"about":[{"href":"https:\/\/blog.cancaonova.com\/paisecatequistas\/wp-json\/wp\/v2\/types\/post"}],"author":[{"embeddable":true,"href":"https:\/\/blog.cancaonova.com\/paisecatequistas\/wp-json\/wp\/v2\/users\/4340"}],"replies":[{"embeddable":true,"href":"https:\/\/blog.cancaonova.com\/paisecatequistas\/wp-json\/wp\/v2\/comments?post=4643"}],"version-history":[{"count":19,"href":"https:\/\/blog.cancaonova.com\/paisecatequistas\/wp-json\/wp\/v2\/posts\/4643\/revisions"}],"predecessor-version":[{"id":6948,"href":"https:\/\/blog.cancaonova.com\/paisecatequistas\/wp-json\/wp\/v2\/posts\/4643\/revisions\/6948"}],"wp:attachment":[{"href":"https:\/\/blog.cancaonova.com\/paisecatequistas\/wp-json\/wp\/v2\/media?parent=4643"}],"wp:term":[{"taxonomy":"category","embeddable":true,"href":"https:\/\/blog.cancaonova.com\/paisecatequistas\/wp-json\/wp\/v2\/categories?post=4643"},{"taxonomy":"post_tag","embeddable":true,"href":"https:\/\/blog.cancaonova.com\/paisecatequistas\/wp-json\/wp\/v2\/tags?post=4643"}],"curies":[{"name":"wp","href":"https:\/\/api.w.org\/{rel}","templated":true}]}}