{"id":4674,"date":"2012-07-09T10:00:41","date_gmt":"2012-07-09T12:00:41","guid":{"rendered":"http:\/\/blog.cancaonova.com\/paisecatequistas\/?p=4674"},"modified":"2012-07-10T09:20:41","modified_gmt":"2012-07-10T11:20:41","slug":"livro-youcat","status":"publish","type":"post","link":"https:\/\/blog.cancaonova.com\/paisecatequistas\/livro-youcat\/","title":{"rendered":"Livro YouCat"},"content":{"rendered":"<p style=\"text-align: justify\"><strong>Livro da Jornada Mundial<\/strong> <strong>da Juventude<\/strong>.<\/p>\n<p style=\"text-align: justify\">Ol\u00e1 pais e catequistas, a paz de Jesus e o amor de Maria!<\/p>\n<p style=\"text-align: justify\">A dica de hoje \u00e9 um livro chamado de YouCat (abrevia\u00e7\u00e3o de Youth Catechism), o Catecismo  Jovem da Igreja Cat\u00f3lica que chega \u00e0s m\u00e3os dos leitores brasileiros j\u00e1 na expectativa da Jornada Mundial da Juventude\u00a0 2013 que ser\u00e1 aqui no Brasil.<\/p>\n<p style=\"text-align: justify\">Esse livro tem a mesma proposta do Catecismo da Igreja Cat\u00f3lica mas com uma linguagem e projeto visual voltados para os jovens. Dividido em 4 partes com perguntas e respostas a respeito de: &#8220;Em que cremos?, Como celebramos?, A vida em cristo e Como devemos orar.&#8221;<br \/>\nFoi desenvolvido por padres,  te\u00f3logos e professores de religi\u00e3o para apresentar a mensagem e a  doutrina da Igreja em linguagem jovem e acess\u00edvel.<\/p>\n<p style=\"text-align: justify\">O YouCat vem de encontro a muitos jovens que inspirados e entusiasmados pela din\u00e2mica  das Jornadas Mundiais da Juventude, pediram um Catecismo que lhes  falasse diretamente.<\/p>\n<p style=\"text-align: justify\"><a href=\"http:\/\/loja.cancaonova.com\/products\/18576-livro-youcat\" target=\"_blank\"><img loading=\"lazy\" decoding=\"async\" class=\"aligncenter size-medium wp-image-4677\" src=\"http:\/\/blog.cancaonova.com\/paisecatequistas\/files\/2012\/07\/lv-youcat-300x300.jpg\" alt=\"\" width=\"300\" height=\"300\" srcset=\"https:\/\/blog.cancaonova.com\/paisecatequistas\/files\/2012\/07\/lv-youcat-300x300.jpg 300w, https:\/\/blog.cancaonova.com\/paisecatequistas\/files\/2012\/07\/lv-youcat-150x150.jpg 150w, https:\/\/blog.cancaonova.com\/paisecatequistas\/files\/2012\/07\/lv-youcat.jpg 500w\" sizes=\"(max-width: 300px) 100vw, 300px\" \/><\/a><\/p>\n<p style=\"text-align: justify\">\n","protected":false},"excerpt":{"rendered":"<p>Livro da Jornada Mundial da Juventude. Ol\u00e1 pais e catequistas, a paz de Jesus e o amor de Maria! A dica de hoje \u00e9 um livro chamado de YouCat (abrevia\u00e7\u00e3o de Youth Catechism), o Catecismo Jovem da Igreja Cat\u00f3lica que&#8230;<\/p>\n","protected":false},"author":4340,"featured_media":0,"comment_status":"open","ping_status":"open","sticky":false,"template":"","format":"standard","meta":{"_mi_skip_tracking":false,"_monsterinsights_sitenote_active":false,"_monsterinsights_sitenote_note":"","_monsterinsights_sitenote_category":0,"footnotes":""},"categories":[27817],"tags":[991,40232,14861,51],"_links":{"self":[{"href":"https:\/\/blog.cancaonova.com\/paisecatequistas\/wp-json\/wp\/v2\/posts\/4674"}],"collection":[{"href":"https:\/\/blog.cancaonova.com\/paisecatequistas\/wp-json\/wp\/v2\/posts"}],"about":[{"href":"https:\/\/blog.cancaonova.com\/paisecatequistas\/wp-json\/wp\/v2\/types\/post"}],"author":[{"embeddable":true,"href":"https:\/\/blog.cancaonova.com\/paisecatequistas\/wp-json\/wp\/v2\/users\/4340"}],"replies":[{"embeddable":true,"href":"https:\/\/blog.cancaonova.com\/paisecatequistas\/wp-json\/wp\/v2\/comments?post=4674"}],"version-history":[{"count":15,"href":"https:\/\/blog.cancaonova.com\/paisecatequistas\/wp-json\/wp\/v2\/posts\/4674\/revisions"}],"predecessor-version":[{"id":4688,"href":"https:\/\/blog.cancaonova.com\/paisecatequistas\/wp-json\/wp\/v2\/posts\/4674\/revisions\/4688"}],"wp:attachment":[{"href":"https:\/\/blog.cancaonova.com\/paisecatequistas\/wp-json\/wp\/v2\/media?parent=4674"}],"wp:term":[{"taxonomy":"category","embeddable":true,"href":"https:\/\/blog.cancaonova.com\/paisecatequistas\/wp-json\/wp\/v2\/categories?post=4674"},{"taxonomy":"post_tag","embeddable":true,"href":"https:\/\/blog.cancaonova.com\/paisecatequistas\/wp-json\/wp\/v2\/tags?post=4674"}],"curies":[{"name":"wp","href":"https:\/\/api.w.org\/{rel}","templated":true}]}}