{"id":4705,"date":"2012-07-11T14:00:17","date_gmt":"2012-07-11T16:00:17","guid":{"rendered":"http:\/\/blog.cancaonova.com\/paisecatequistas\/?p=4705"},"modified":"2012-07-11T12:52:35","modified_gmt":"2012-07-11T14:52:35","slug":"evangelho-mc-67-13","status":"publish","type":"post","link":"https:\/\/blog.cancaonova.com\/paisecatequistas\/evangelho-mc-67-13\/","title":{"rendered":"Evangelho - Mc 6,7-13"},"content":{"rendered":"<p style=\"text-align: justify\"><strong>Coment\u00e1rio de missa<\/strong>.<\/p>\n<p style=\"text-align: justify\">Ol\u00e1 pais e catequistas, a paz de Jesus!<\/p>\n<p style=\"text-align: justify\">O Evangelho desse domingo (15\/07) nos fala sobre a nossa miss\u00e3o de levar a Palavra de Deus a todos os lugares.<\/p>\n<p style=\"text-align: justify\">Jesus envia seus disc\u00edpulos e lhes d\u00e1 o poder sobre os esp\u00edritos imundos e eles partem sem levar nada, cajado, t\u00fanicas, p\u00e3o, sacolas e nem dinheiro.<\/p>\n<p style=\"text-align: justify\">Os disc\u00edpulos pregavam para que todos se convertessem, expulsavam muitos dem\u00f4nios e curavam numerosos doentes, ungindo-os com \u00f3leo.<\/p>\n<p style=\"text-align: justify\">Clique no desenho para imprimir.<\/p>\n<p style=\"text-align: justify\"><a href=\"http:\/\/blog.cancaonova.com\/paisecatequistas\/files\/2012\/07\/vamoscolorir_evangelho2012-07-15.jpg\" target=\"_blank\"><img loading=\"lazy\" decoding=\"async\" class=\"aligncenter size-medium wp-image-4708\" src=\"http:\/\/blog.cancaonova.com\/paisecatequistas\/files\/2012\/07\/vamoscolorir_evangelho2012-07-15-212x300.jpg\" alt=\"\" width=\"212\" height=\"300\" srcset=\"https:\/\/blog.cancaonova.com\/paisecatequistas\/files\/2012\/07\/vamoscolorir_evangelho2012-07-15-212x300.jpg 212w, https:\/\/blog.cancaonova.com\/paisecatequistas\/files\/2012\/07\/vamoscolorir_evangelho2012-07-15-723x1024.jpg 723w, https:\/\/blog.cancaonova.com\/paisecatequistas\/files\/2012\/07\/vamoscolorir_evangelho2012-07-15.jpg 1240w\" sizes=\"(max-width: 212px) 100vw, 212px\" \/><\/a><\/p>\n","protected":false},"excerpt":{"rendered":"<p>Coment\u00e1rio de missa. Ol\u00e1 pais e catequistas, a paz de Jesus! O Evangelho desse domingo (15\/07) nos fala sobre a nossa miss\u00e3o de levar a Palavra de Deus a todos os lugares. Jesus envia seus disc\u00edpulos e lhes d\u00e1 o&#8230;<\/p>\n","protected":false},"author":4340,"featured_media":0,"comment_status":"open","ping_status":"open","sticky":false,"template":"","format":"standard","meta":{"_mi_skip_tracking":false,"_monsterinsights_sitenote_active":false,"_monsterinsights_sitenote_note":"","_monsterinsights_sitenote_category":0,"footnotes":""},"categories":[17601],"tags":[131248,16512,6851,133221],"_links":{"self":[{"href":"https:\/\/blog.cancaonova.com\/paisecatequistas\/wp-json\/wp\/v2\/posts\/4705"}],"collection":[{"href":"https:\/\/blog.cancaonova.com\/paisecatequistas\/wp-json\/wp\/v2\/posts"}],"about":[{"href":"https:\/\/blog.cancaonova.com\/paisecatequistas\/wp-json\/wp\/v2\/types\/post"}],"author":[{"embeddable":true,"href":"https:\/\/blog.cancaonova.com\/paisecatequistas\/wp-json\/wp\/v2\/users\/4340"}],"replies":[{"embeddable":true,"href":"https:\/\/blog.cancaonova.com\/paisecatequistas\/wp-json\/wp\/v2\/comments?post=4705"}],"version-history":[{"count":8,"href":"https:\/\/blog.cancaonova.com\/paisecatequistas\/wp-json\/wp\/v2\/posts\/4705\/revisions"}],"predecessor-version":[{"id":4713,"href":"https:\/\/blog.cancaonova.com\/paisecatequistas\/wp-json\/wp\/v2\/posts\/4705\/revisions\/4713"}],"wp:attachment":[{"href":"https:\/\/blog.cancaonova.com\/paisecatequistas\/wp-json\/wp\/v2\/media?parent=4705"}],"wp:term":[{"taxonomy":"category","embeddable":true,"href":"https:\/\/blog.cancaonova.com\/paisecatequistas\/wp-json\/wp\/v2\/categories?post=4705"},{"taxonomy":"post_tag","embeddable":true,"href":"https:\/\/blog.cancaonova.com\/paisecatequistas\/wp-json\/wp\/v2\/tags?post=4705"}],"curies":[{"name":"wp","href":"https:\/\/api.w.org\/{rel}","templated":true}]}}