{"id":4726,"date":"2012-07-16T14:30:49","date_gmt":"2012-07-16T16:30:49","guid":{"rendered":"http:\/\/blog.cancaonova.com\/paisecatequistas\/?p=4726"},"modified":"2012-07-17T09:31:15","modified_gmt":"2012-07-17T11:31:15","slug":"pronto-falei","status":"publish","type":"post","link":"https:\/\/blog.cancaonova.com\/paisecatequistas\/pronto-falei\/","title":{"rendered":"Pronto, falei!"},"content":{"rendered":"<p><strong>Livro do Padre Jo\u00e3ozinho<\/strong><br \/>\nEste livro\u00a0fala sobre o cotidiano, faz \u201cleituras de f\u00e9\u201d e v\u00ea \u201co essencial que \u00e9 invis\u00edvel aos olhos, mas pode-se ver pelo cora\u00e7\u00e3o\u201d.<a href=\"http:\/\/blog.cancaonova.com\/paisecatequistas\/files\/2012\/07\/01.01749.jpg\"><img loading=\"lazy\" decoding=\"async\" class=\"size-full wp-image-4727 alignleft\" src=\"http:\/\/blog.cancaonova.com\/paisecatequistas\/files\/2012\/07\/01.01749.jpg\" alt=\"\" width=\"150\" height=\"228\" \/><\/a><\/p>\n","protected":false},"excerpt":{"rendered":"<p>Livro do Padre Jo\u00e3ozinho Este livro\u00a0fala sobre o cotidiano, faz \u201cleituras de f\u00e9\u201d e v\u00ea \u201co essencial que \u00e9 invis\u00edvel aos olhos, mas pode-se ver pelo cora\u00e7\u00e3o\u201d.<\/p>\n","protected":false},"author":4414,"featured_media":0,"comment_status":"open","ping_status":"open","sticky":false,"template":"","format":"standard","meta":{"_mi_skip_tracking":false,"_monsterinsights_sitenote_active":false,"_monsterinsights_sitenote_note":"","_monsterinsights_sitenote_category":0,"footnotes":""},"categories":[27817],"tags":[105,5831,22772],"_links":{"self":[{"href":"https:\/\/blog.cancaonova.com\/paisecatequistas\/wp-json\/wp\/v2\/posts\/4726"}],"collection":[{"href":"https:\/\/blog.cancaonova.com\/paisecatequistas\/wp-json\/wp\/v2\/posts"}],"about":[{"href":"https:\/\/blog.cancaonova.com\/paisecatequistas\/wp-json\/wp\/v2\/types\/post"}],"author":[{"embeddable":true,"href":"https:\/\/blog.cancaonova.com\/paisecatequistas\/wp-json\/wp\/v2\/users\/4414"}],"replies":[{"embeddable":true,"href":"https:\/\/blog.cancaonova.com\/paisecatequistas\/wp-json\/wp\/v2\/comments?post=4726"}],"version-history":[{"count":4,"href":"https:\/\/blog.cancaonova.com\/paisecatequistas\/wp-json\/wp\/v2\/posts\/4726\/revisions"}],"predecessor-version":[{"id":4748,"href":"https:\/\/blog.cancaonova.com\/paisecatequistas\/wp-json\/wp\/v2\/posts\/4726\/revisions\/4748"}],"wp:attachment":[{"href":"https:\/\/blog.cancaonova.com\/paisecatequistas\/wp-json\/wp\/v2\/media?parent=4726"}],"wp:term":[{"taxonomy":"category","embeddable":true,"href":"https:\/\/blog.cancaonova.com\/paisecatequistas\/wp-json\/wp\/v2\/categories?post=4726"},{"taxonomy":"post_tag","embeddable":true,"href":"https:\/\/blog.cancaonova.com\/paisecatequistas\/wp-json\/wp\/v2\/tags?post=4726"}],"curies":[{"name":"wp","href":"https:\/\/api.w.org\/{rel}","templated":true}]}}