{"id":474,"date":"2014-07-16T09:00:12","date_gmt":"2014-07-16T11:00:12","guid":{"rendered":"http:\/\/blog.cancaonova.com\/paisecatequistas\/?p=474"},"modified":"2014-07-16T09:47:16","modified_gmt":"2014-07-16T11:47:16","slug":"o-que-e-o-escapulario","status":"publish","type":"post","link":"https:\/\/blog.cancaonova.com\/paisecatequistas\/o-que-e-o-escapulario\/","title":{"rendered":"O que \u00e9 o Escapul\u00e1rio?"},"content":{"rendered":"<p><a href=\"http:\/\/blog.cancaonova.com\/paisecatequistas\/files\/2009\/07\/frase-flor-nsa-sra.jpg\"><img loading=\"lazy\" decoding=\"async\" class=\"alignnone size-full wp-image-476\" src=\"http:\/\/blog.cancaonova.com\/paisecatequistas\/files\/2009\/07\/frase-flor-nsa-sra.jpg\" alt=\"\" width=\"400\" height=\"300\" \/><\/a><\/p>\n<h5 style=\"text-align: center\">O Valor e o Significado do Escapul\u00e1rio<span style=\"font-size: small\">O Escapul\u00e1rio de Nossa Senhora do Carmo \u00e9 um sinal de Maternidade Divina de Maria. Como tal, representa o compromisso de seguir Jesus como Maria, o modelo perfeito de todos os disc\u00edpulos de Cristo.<\/span><\/h5>\n<p><span style=\"font-size: small\">O uso do Escapul\u00e1rio a Virgem nos ensina a:<br \/>\n* Viver abertos a Deus e \u00e0 sua vontade;<br \/>\n* Escutar e praticar a palavra de Deus;<br \/>\n* Orar em todo momento, descobrindo Deus presente em todas as circunst\u00e2ncias;<br \/>\n* Estar aberto a caridade e as necessidades da Igreja;<br \/>\n* Alimentar a esperan\u00e7a do encontro com Deus na vida eterna pela prote\u00e7\u00e3o e intercess\u00e3o de Maria.<\/span><br \/>\n<span style=\"font-size: small\"><br \/>\nO Escapul\u00e1rio do Carmo n\u00e3o \u00e9:<br \/>\n* Um sinal de prote\u00e7\u00e3o m\u00e1gica ou amuleto;<br \/>\n* Uma garantia autom\u00e1tica de salva\u00e7\u00e3o;<br \/>\n* Uma dispensa de viver as exig\u00eancias da vida Crist\u00e3.<\/span><\/p>\n<div><span style=\"font-size: small\"><br \/>\nO Escapul\u00e1rio em suas normas pr\u00e1ticas:<br \/>\n* O Escapul\u00e1rio \u00e9 imposto s\u00f3 uma vez por um sacerdote ou pessoa autorizada;<br \/>\n* O uso do Escapul\u00e1rio exige no m\u00ednimo a ora\u00e7\u00e3o de tr\u00eas Ave-Marias em honra a Nossa Senhora do Carmo;<br \/>\n* O Escapul\u00e1rio compromete com uma vida aut\u00eantica de Crist\u00e3os que se conformam com as exig\u00eancias evang\u00e9licas, recebem os sacramentos e professam uma especial devo\u00e7\u00e3o \u00e0 Sant\u00edssima Virgem.<\/span><\/div>\n<p><span style=\"font-size: small\">Artigo escrito pelo P\u00e1roco-reitor Padre Luiz Alberto Kleina.<\/span><\/p>\n","protected":false},"excerpt":{"rendered":"<p>O Valor e o Significado do Escapul\u00e1rioO Escapul\u00e1rio de Nossa Senhora do Carmo \u00e9 um sinal de Maternidade Divina de Maria. Como tal, representa o compromisso de seguir Jesus como Maria, o modelo perfeito de todos os disc\u00edpulos de Cristo&#8230;.<\/p>\n","protected":false},"author":4340,"featured_media":0,"comment_status":"open","ping_status":"open","sticky":false,"template":"","format":"standard","meta":{"_mi_skip_tracking":false,"_monsterinsights_sitenote_active":false,"_monsterinsights_sitenote_note":"","_monsterinsights_sitenote_category":0,"footnotes":""},"categories":[23],"tags":[17146,16512,221,231,16261,102779],"_links":{"self":[{"href":"https:\/\/blog.cancaonova.com\/paisecatequistas\/wp-json\/wp\/v2\/posts\/474"}],"collection":[{"href":"https:\/\/blog.cancaonova.com\/paisecatequistas\/wp-json\/wp\/v2\/posts"}],"about":[{"href":"https:\/\/blog.cancaonova.com\/paisecatequistas\/wp-json\/wp\/v2\/types\/post"}],"author":[{"embeddable":true,"href":"https:\/\/blog.cancaonova.com\/paisecatequistas\/wp-json\/wp\/v2\/users\/4340"}],"replies":[{"embeddable":true,"href":"https:\/\/blog.cancaonova.com\/paisecatequistas\/wp-json\/wp\/v2\/comments?post=474"}],"version-history":[{"count":5,"href":"https:\/\/blog.cancaonova.com\/paisecatequistas\/wp-json\/wp\/v2\/posts\/474\/revisions"}],"predecessor-version":[{"id":6880,"href":"https:\/\/blog.cancaonova.com\/paisecatequistas\/wp-json\/wp\/v2\/posts\/474\/revisions\/6880"}],"wp:attachment":[{"href":"https:\/\/blog.cancaonova.com\/paisecatequistas\/wp-json\/wp\/v2\/media?parent=474"}],"wp:term":[{"taxonomy":"category","embeddable":true,"href":"https:\/\/blog.cancaonova.com\/paisecatequistas\/wp-json\/wp\/v2\/categories?post=474"},{"taxonomy":"post_tag","embeddable":true,"href":"https:\/\/blog.cancaonova.com\/paisecatequistas\/wp-json\/wp\/v2\/tags?post=474"}],"curies":[{"name":"wp","href":"https:\/\/api.w.org\/{rel}","templated":true}]}}