{"id":4824,"date":"2012-08-08T14:07:55","date_gmt":"2012-08-08T16:07:55","guid":{"rendered":"http:\/\/blog.cancaonova.com\/paisecatequistas\/?p=4824"},"modified":"2012-08-09T09:32:26","modified_gmt":"2012-08-09T11:32:26","slug":"o-pao-do-ceu","status":"publish","type":"post","link":"https:\/\/blog.cancaonova.com\/paisecatequistas\/o-pao-do-ceu\/","title":{"rendered":"O P\u00e3o do C\u00e9u"},"content":{"rendered":"<p><strong>Eu sou o P\u00e3o do C\u00e9u.<\/strong><\/p>\n<p><strong>Evangelho Jo 6,41-51<\/strong><\/p>\n<p>No versiculo 47 e no 51\u00a0Jesus nos diz assim: &#8220;Em verdade, em verdade vos digo, quem cr\u00ea, possui a Vida Eterna. Eu sou o p\u00e3o vivo descido do c\u00e9u. Quem comer deste p\u00e3o viver\u00e1 eternamente. E o p\u00e3o que eu darei \u00e9 a minha carne dada para a vida do mundo&#8221;.<\/p>\n<p>Jesus nos ensina nesse Evangelho que a Eucaristia \u00e9 o nosso passaporte para o C\u00e9u. Quando recebemos Jesus, preparamos o nosso cora\u00e7\u00e3o para viver a Vida Eterna. Ent\u00e3o n\u00e3o falte a Santa Missa.<\/p>\n<p>Vers\u00edculos para voc\u00ea memorizar:<\/p>\n<p>&#8220;Eu sou o P\u00e3o que desceu do C\u00e9u&#8221;. (Jo 6, 41)<\/p>\n<p>&#8220;Todos ser\u00e3o disc\u00edpulos de Jesus.&#8221; (Jo 6, 45)<\/p>\n<p>Agora vamos colorir juntos&#8230; e lembre-se, \u00e9 Jesus quem nos atrai para Ele.<\/p>\n<p><a href=\"http:\/\/blog.cancaonova.com\/paisecatequistas\/files\/2012\/07\/vamoscolorir_evangelho2012-08-12.jpg\"><img loading=\"lazy\" decoding=\"async\" class=\"aligncenter size-thumbnail wp-image-4825\" src=\"http:\/\/blog.cancaonova.com\/paisecatequistas\/files\/2012\/07\/vamoscolorir_evangelho2012-08-12-150x150.jpg\" alt=\"\" width=\"150\" height=\"150\" \/><\/a><\/p>\n","protected":false},"excerpt":{"rendered":"<p>Eu sou o P\u00e3o do C\u00e9u. Evangelho Jo 6,41-51 No versiculo 47 e no 51\u00a0Jesus nos diz assim: &#8220;Em verdade, em verdade vos digo, quem cr\u00ea, possui a Vida Eterna. Eu sou o p\u00e3o vivo descido do c\u00e9u. Quem comer&#8230;<\/p>\n","protected":false},"author":4340,"featured_media":0,"comment_status":"open","ping_status":"open","sticky":false,"template":"","format":"standard","meta":{"_mi_skip_tracking":false,"_monsterinsights_sitenote_active":false,"_monsterinsights_sitenote_note":"","_monsterinsights_sitenote_category":0,"footnotes":""},"categories":[17601,1],"tags":[19152,3671,3991],"_links":{"self":[{"href":"https:\/\/blog.cancaonova.com\/paisecatequistas\/wp-json\/wp\/v2\/posts\/4824"}],"collection":[{"href":"https:\/\/blog.cancaonova.com\/paisecatequistas\/wp-json\/wp\/v2\/posts"}],"about":[{"href":"https:\/\/blog.cancaonova.com\/paisecatequistas\/wp-json\/wp\/v2\/types\/post"}],"author":[{"embeddable":true,"href":"https:\/\/blog.cancaonova.com\/paisecatequistas\/wp-json\/wp\/v2\/users\/4340"}],"replies":[{"embeddable":true,"href":"https:\/\/blog.cancaonova.com\/paisecatequistas\/wp-json\/wp\/v2\/comments?post=4824"}],"version-history":[{"count":7,"href":"https:\/\/blog.cancaonova.com\/paisecatequistas\/wp-json\/wp\/v2\/posts\/4824\/revisions"}],"predecessor-version":[{"id":5013,"href":"https:\/\/blog.cancaonova.com\/paisecatequistas\/wp-json\/wp\/v2\/posts\/4824\/revisions\/5013"}],"wp:attachment":[{"href":"https:\/\/blog.cancaonova.com\/paisecatequistas\/wp-json\/wp\/v2\/media?parent=4824"}],"wp:term":[{"taxonomy":"category","embeddable":true,"href":"https:\/\/blog.cancaonova.com\/paisecatequistas\/wp-json\/wp\/v2\/categories?post=4824"},{"taxonomy":"post_tag","embeddable":true,"href":"https:\/\/blog.cancaonova.com\/paisecatequistas\/wp-json\/wp\/v2\/tags?post=4824"}],"curies":[{"name":"wp","href":"https:\/\/api.w.org\/{rel}","templated":true}]}}