{"id":4901,"date":"2014-05-12T08:00:21","date_gmt":"2014-05-12T10:00:21","guid":{"rendered":"http:\/\/blog.cancaonova.com\/paisecatequistas\/?p=4901"},"modified":"2014-05-02T11:19:07","modified_gmt":"2014-05-02T13:19:07","slug":"vamos-colorir","status":"publish","type":"post","link":"https:\/\/blog.cancaonova.com\/paisecatequistas\/vamos-colorir\/","title":{"rendered":"M\u00e3ezinha de muitos nomes"},"content":{"rendered":"<p><strong>Bienal do Livro em SP.<\/strong><\/p>\n<p>Hoje, na Bienal do Livro em SP, estamos lan\u00e7ando o Livro: \u00a0<strong>M\u00e3ezinha de\u00a0muitos nomes<\/strong>.<br \/>\nLIVRO INFANTIL MARIANO \u2013 educativo, l\u00fadico e catequ\u00e9tico.<br \/>\nEnsina as crian\u00e7as que Nossa Senhora \u00e9 uma s\u00f3, mas recebe v\u00e1rios nomes.<br \/>\nTraz ensinamentos sobre cada apari\u00e7\u00e3o, na linguagem infantil e com ilustra\u00e7\u00f5es coloridas.<br \/>\nComp\u00f5e tamb\u00e9m esse livro, algumas pe\u00e7as com as imagens de Nossa Senhora em suas varia\u00e7\u00f5es de t\u00edtulos para as crian\u00e7as encaixar na hist\u00f3ria.<\/p>\n<p style=\"text-align: justify\"><a href=\"http:\/\/blog.cancaonova.com\/paisecatequistas\/files\/2012\/08\/banner-cantinho-livromaezinha-ok.jpg\"><img loading=\"lazy\" decoding=\"async\" class=\"aligncenter size-medium wp-image-5147\" src=\"http:\/\/blog.cancaonova.com\/paisecatequistas\/files\/2012\/08\/banner-cantinho-livromaezinha-ok-300x68.jpg\" alt=\"\" width=\"300\" height=\"68\" srcset=\"https:\/\/blog.cancaonova.com\/paisecatequistas\/files\/2012\/08\/banner-cantinho-livromaezinha-ok-300x68.jpg 300w, https:\/\/blog.cancaonova.com\/paisecatequistas\/files\/2012\/08\/banner-cantinho-livromaezinha-ok.jpg 880w\" sizes=\"(max-width: 300px) 100vw, 300px\" \/><\/a><\/p>\n<p style=\"text-align: justify\"><a href=\"http:\/\/blog.cancaonova.com\/paisecatequistas\/files\/2012\/08\/assun\u00e7\u00e3o-de-nossa-senhora.jpg\"><\/a><\/p>\n<p style=\"text-align: justify\">Se voc\u00ea mora em SP, \u00e9 nosso convidado para visitar nosso estande. Ou voc\u00ea pode adquirir esse livro pelo site:\u00a0 <a href=\"http:\/\/loja.cancaonova.com\/categoria\/infantil\">http:\/\/loja.cancaonova.com\/categoria\/infantil<\/a><\/p>\n<p style=\"text-align: justify\">Vamos colorir acesse:\u00a0 <a href=\"http:\/\/blog.cancaonova.com\/cantinho\/2011\/08\/15\/colorir-assuncao-de-nossa-senhora\/\">http:\/\/blog.cancaonova.com\/cantinho\/2011\/08\/15\/colorir-assuncao-de-nossa-senhora\/<\/a><\/p>\n<p style=\"text-align: justify\">Deus aben\u00e7oe.<\/p>\n","protected":false},"excerpt":{"rendered":"<p>Bienal do Livro em SP. Hoje, na Bienal do Livro em SP, estamos lan\u00e7ando o Livro: \u00a0M\u00e3ezinha de\u00a0muitos nomes. LIVRO INFANTIL MARIANO \u2013 educativo, l\u00fadico e catequ\u00e9tico. Ensina as crian\u00e7as que Nossa Senhora \u00e9 uma s\u00f3, mas recebe v\u00e1rios nomes&#8230;.<\/p>\n","protected":false},"author":4340,"featured_media":0,"comment_status":"open","ping_status":"open","sticky":false,"template":"","format":"standard","meta":{"_mi_skip_tracking":false,"_monsterinsights_sitenote_active":false,"_monsterinsights_sitenote_note":"","_monsterinsights_sitenote_category":0,"footnotes":""},"categories":[16089],"tags":[17101,69578,133250],"_links":{"self":[{"href":"https:\/\/blog.cancaonova.com\/paisecatequistas\/wp-json\/wp\/v2\/posts\/4901"}],"collection":[{"href":"https:\/\/blog.cancaonova.com\/paisecatequistas\/wp-json\/wp\/v2\/posts"}],"about":[{"href":"https:\/\/blog.cancaonova.com\/paisecatequistas\/wp-json\/wp\/v2\/types\/post"}],"author":[{"embeddable":true,"href":"https:\/\/blog.cancaonova.com\/paisecatequistas\/wp-json\/wp\/v2\/users\/4340"}],"replies":[{"embeddable":true,"href":"https:\/\/blog.cancaonova.com\/paisecatequistas\/wp-json\/wp\/v2\/comments?post=4901"}],"version-history":[{"count":13,"href":"https:\/\/blog.cancaonova.com\/paisecatequistas\/wp-json\/wp\/v2\/posts\/4901\/revisions"}],"predecessor-version":[{"id":6723,"href":"https:\/\/blog.cancaonova.com\/paisecatequistas\/wp-json\/wp\/v2\/posts\/4901\/revisions\/6723"}],"wp:attachment":[{"href":"https:\/\/blog.cancaonova.com\/paisecatequistas\/wp-json\/wp\/v2\/media?parent=4901"}],"wp:term":[{"taxonomy":"category","embeddable":true,"href":"https:\/\/blog.cancaonova.com\/paisecatequistas\/wp-json\/wp\/v2\/categories?post=4901"},{"taxonomy":"post_tag","embeddable":true,"href":"https:\/\/blog.cancaonova.com\/paisecatequistas\/wp-json\/wp\/v2\/tags?post=4901"}],"curies":[{"name":"wp","href":"https:\/\/api.w.org\/{rel}","templated":true}]}}