{"id":4929,"date":"2012-08-29T11:18:02","date_gmt":"2012-08-29T13:18:02","guid":{"rendered":"http:\/\/blog.cancaonova.com\/paisecatequistas\/?p=4929"},"modified":"2012-09-04T09:26:16","modified_gmt":"2012-09-04T11:26:16","slug":"jesus-e-meu-amigo","status":"publish","type":"post","link":"https:\/\/blog.cancaonova.com\/paisecatequistas\/jesus-e-meu-amigo\/","title":{"rendered":"Jesus \u00e9 meu amigo"},"content":{"rendered":"<h3>EVANGELHO &#8211; Mc 7, 1-8.14-15.21-23<\/h3>\n<h4>Este povo me honra com os l\u00e1bios, mas seu cora\u00e7\u00e3o est\u00e1 longe de mim. (Mc 7, 6)<\/h4>\n<h4>Vamos meditar juntos esse trecho do Evangelho.<\/h4>\n<h4 style=\"text-align: justify\">14Em seguida, Jesus chamou a multid\u00e3o para perto de si e disse: &#8216;Escutai todos e compreendei: 15 o que torna impuro o homem n\u00e3o \u00e9 o que entra nele vindo de fora, mas o que sai do seu interior.<br \/>\n21Pois \u00e9 de dentro do cora\u00e7\u00e3o humano que saem as m\u00e1s inten\u00e7\u00f5es, imoralidades, roubos, assass\u00ednios, 22adult\u00e9rios, ambi\u00e7\u00f5es desmedidas, maldades, fraudes, devassid\u00e3o, inveja, cal\u00fania, orgulho, falta de ju\u00edzo. 23 Todas estas coisas m\u00e1s saem de dentro, e s\u00e3o elas que tornam impuro o homem&#8217;.<\/h4>\n<h4 style=\"text-align: justify\">Esse\u00a0trecho do Evangelho nos ensina que: onde est\u00e1 o nosso cora\u00e7\u00e3o estar\u00e1 o nosso tesouro. E quais s\u00e3o\u00a0as coisas que tem ocupado o seu cora\u00e7\u00e3o? O convite de Deus para n\u00f3s \u00e9 a convers\u00e3o, estar atentos ao nosso interior, se estivermos buscando a Deus de todo cora\u00e7\u00e3o, com certeza iremos exalar o bom perfume que \u00e9 Jesus. Precisamos cultivar em nosso cora\u00e7\u00e3o o amor por Jesus, para que assim do nosso interior possa sair coisas boas, edificando a n\u00f3s e ao outro.<\/h4>\n<h4 style=\"text-align: justify\">Pense nisso e seja amigo de Jesus&#8230;<\/h4>\n<h4 style=\"text-align: justify\">Deus aben\u00e7oe.<\/h4>\n<p style=\"text-align: justify\"><a href=\"http:\/\/blog.cancaonova.com\/paisecatequistas\/files\/2012\/08\/vamoscolorir_1_semana_set.jpg\"><img loading=\"lazy\" decoding=\"async\" class=\"aligncenter size-medium wp-image-5188\" src=\"http:\/\/blog.cancaonova.com\/paisecatequistas\/files\/2012\/08\/vamoscolorir_1_semana_set-212x300.jpg\" alt=\"\" width=\"212\" height=\"300\" srcset=\"https:\/\/blog.cancaonova.com\/paisecatequistas\/files\/2012\/08\/vamoscolorir_1_semana_set-212x300.jpg 212w, https:\/\/blog.cancaonova.com\/paisecatequistas\/files\/2012\/08\/vamoscolorir_1_semana_set-723x1024.jpg 723w, https:\/\/blog.cancaonova.com\/paisecatequistas\/files\/2012\/08\/vamoscolorir_1_semana_set.jpg 1240w\" sizes=\"(max-width: 212px) 100vw, 212px\" \/><\/a><\/p>\n","protected":false},"excerpt":{"rendered":"<p>EVANGELHO &#8211; Mc 7, 1-8.14-15.21-23 Este povo me honra com os l\u00e1bios, mas seu cora\u00e7\u00e3o est\u00e1 longe de mim. (Mc 7, 6) Vamos meditar juntos esse trecho do Evangelho. 14Em seguida, Jesus chamou a multid\u00e3o para perto de si e&#8230;<\/p>\n","protected":false},"author":4340,"featured_media":0,"comment_status":"open","ping_status":"open","sticky":false,"template":"","format":"standard","meta":{"_mi_skip_tracking":false,"_monsterinsights_sitenote_active":false,"_monsterinsights_sitenote_note":"","_monsterinsights_sitenote_category":0,"footnotes":""},"categories":[17601],"tags":[461,34694,72728],"_links":{"self":[{"href":"https:\/\/blog.cancaonova.com\/paisecatequistas\/wp-json\/wp\/v2\/posts\/4929"}],"collection":[{"href":"https:\/\/blog.cancaonova.com\/paisecatequistas\/wp-json\/wp\/v2\/posts"}],"about":[{"href":"https:\/\/blog.cancaonova.com\/paisecatequistas\/wp-json\/wp\/v2\/types\/post"}],"author":[{"embeddable":true,"href":"https:\/\/blog.cancaonova.com\/paisecatequistas\/wp-json\/wp\/v2\/users\/4340"}],"replies":[{"embeddable":true,"href":"https:\/\/blog.cancaonova.com\/paisecatequistas\/wp-json\/wp\/v2\/comments?post=4929"}],"version-history":[{"count":15,"href":"https:\/\/blog.cancaonova.com\/paisecatequistas\/wp-json\/wp\/v2\/posts\/4929\/revisions"}],"predecessor-version":[{"id":5235,"href":"https:\/\/blog.cancaonova.com\/paisecatequistas\/wp-json\/wp\/v2\/posts\/4929\/revisions\/5235"}],"wp:attachment":[{"href":"https:\/\/blog.cancaonova.com\/paisecatequistas\/wp-json\/wp\/v2\/media?parent=4929"}],"wp:term":[{"taxonomy":"category","embeddable":true,"href":"https:\/\/blog.cancaonova.com\/paisecatequistas\/wp-json\/wp\/v2\/categories?post=4929"},{"taxonomy":"post_tag","embeddable":true,"href":"https:\/\/blog.cancaonova.com\/paisecatequistas\/wp-json\/wp\/v2\/tags?post=4929"}],"curies":[{"name":"wp","href":"https:\/\/api.w.org\/{rel}","templated":true}]}}