{"id":4947,"date":"2012-09-12T09:33:11","date_gmt":"2012-09-12T11:33:11","guid":{"rendered":"http:\/\/blog.cancaonova.com\/paisecatequistas\/?p=4947"},"modified":"2012-09-20T14:37:39","modified_gmt":"2012-09-20T16:37:39","slug":"tu-es-o-messias","status":"publish","type":"post","link":"https:\/\/blog.cancaonova.com\/paisecatequistas\/tu-es-o-messias\/","title":{"rendered":"Tu \u00e9s o Messias"},"content":{"rendered":"<p><strong>Evangelho &#8211; Mc 8, 27-35<\/p>\n<p><\/strong><strong>Quem \u00e9 Jesus para voc\u00ea? Quem \u00e9 Jesus na sua fam\u00edlia? Voc\u00ea tem mostrado com sua vida quem \u00e9 Jesus? Voc\u00ea tem proclamado com a sua vida que Jesus \u00e9 o Messias?<br \/>\n<\/strong>Neste Evangelho, Jesus questiona os disc\u00edpulos dizendo: &#8220;E v\u00f3s quem dizeis que eu sou?&#8221;<br \/>\nHoje, Jesus faz essa pergunta para voc\u00ea. E qual \u00e9 a sua resposta? Partilhe com seus colegas quem \u00e9 Jesus para voc\u00ea.<\/p>\n<p><span style=\"color: #ff0000\"><strong><span style=\"color: #ff0000\">Ca\u00e7a-palavras <\/span><\/strong><\/span><a href=\"http:\/\/blog.cancaonova.com\/paisecatequistas\/files\/2012\/09\/vamoscolorir_evangelho2012-09-16.jpg\"><img loading=\"lazy\" decoding=\"async\" class=\"aligncenter size-medium wp-image-5250\" src=\"http:\/\/blog.cancaonova.com\/paisecatequistas\/files\/2012\/09\/vamoscolorir_evangelho2012-09-16-212x300.jpg\" alt=\"\" width=\"212\" height=\"300\" srcset=\"https:\/\/blog.cancaonova.com\/paisecatequistas\/files\/2012\/09\/vamoscolorir_evangelho2012-09-16-212x300.jpg 212w, https:\/\/blog.cancaonova.com\/paisecatequistas\/files\/2012\/09\/vamoscolorir_evangelho2012-09-16-723x1024.jpg 723w, https:\/\/blog.cancaonova.com\/paisecatequistas\/files\/2012\/09\/vamoscolorir_evangelho2012-09-16.jpg 1240w\" sizes=\"(max-width: 212px) 100vw, 212px\" \/><\/a><\/p>\n<p style=\"text-align: justify\"><a href=\"http:\/\/blog.cancaonova.com\/paisecatequistas\/files\/2012\/09\/caca_palavras.jpg\"><img loading=\"lazy\" decoding=\"async\" class=\"aligncenter size-medium wp-image-5215\" src=\"http:\/\/blog.cancaonova.com\/paisecatequistas\/files\/2012\/09\/caca_palavras-300x300.jpg\" alt=\"\" width=\"300\" height=\"300\" srcset=\"https:\/\/blog.cancaonova.com\/paisecatequistas\/files\/2012\/09\/caca_palavras-300x300.jpg 300w, https:\/\/blog.cancaonova.com\/paisecatequistas\/files\/2012\/09\/caca_palavras-150x150.jpg 150w, https:\/\/blog.cancaonova.com\/paisecatequistas\/files\/2012\/09\/caca_palavras.jpg 539w\" sizes=\"(max-width: 300px) 100vw, 300px\" \/><\/a><\/p>\n<p>Para colorir!<br \/>\n<a href=\"http:\/\/blog.cancaonova.com\/paisecatequistas\/files\/2012\/09\/vamoscolorir_evangelho2012-09-16.jpg\"><\/a><a href=\"http:\/\/blog.cancaonova.com\/paisecatequistas\/files\/2012\/09\/vamoscolorir_evangelho2012-09-16.jpg\"><br \/>\n<\/a><\/p>\n","protected":false},"excerpt":{"rendered":"<p>Evangelho &#8211; Mc 8, 27-35 Quem \u00e9 Jesus para voc\u00ea? Quem \u00e9 Jesus na sua fam\u00edlia? Voc\u00ea tem mostrado com sua vida quem \u00e9 Jesus? Voc\u00ea tem proclamado com a sua vida que Jesus \u00e9 o Messias? Neste Evangelho, Jesus&#8230;<\/p>\n","protected":false},"author":4340,"featured_media":0,"comment_status":"open","ping_status":"open","sticky":false,"template":"","format":"standard","meta":{"_mi_skip_tracking":false,"_monsterinsights_sitenote_active":false,"_monsterinsights_sitenote_note":"","_monsterinsights_sitenote_category":0,"footnotes":""},"categories":[17601],"tags":[40,221,39],"_links":{"self":[{"href":"https:\/\/blog.cancaonova.com\/paisecatequistas\/wp-json\/wp\/v2\/posts\/4947"}],"collection":[{"href":"https:\/\/blog.cancaonova.com\/paisecatequistas\/wp-json\/wp\/v2\/posts"}],"about":[{"href":"https:\/\/blog.cancaonova.com\/paisecatequistas\/wp-json\/wp\/v2\/types\/post"}],"author":[{"embeddable":true,"href":"https:\/\/blog.cancaonova.com\/paisecatequistas\/wp-json\/wp\/v2\/users\/4340"}],"replies":[{"embeddable":true,"href":"https:\/\/blog.cancaonova.com\/paisecatequistas\/wp-json\/wp\/v2\/comments?post=4947"}],"version-history":[{"count":10,"href":"https:\/\/blog.cancaonova.com\/paisecatequistas\/wp-json\/wp\/v2\/posts\/4947\/revisions"}],"predecessor-version":[{"id":5118,"href":"https:\/\/blog.cancaonova.com\/paisecatequistas\/wp-json\/wp\/v2\/posts\/4947\/revisions\/5118"}],"wp:attachment":[{"href":"https:\/\/blog.cancaonova.com\/paisecatequistas\/wp-json\/wp\/v2\/media?parent=4947"}],"wp:term":[{"taxonomy":"category","embeddable":true,"href":"https:\/\/blog.cancaonova.com\/paisecatequistas\/wp-json\/wp\/v2\/categories?post=4947"},{"taxonomy":"post_tag","embeddable":true,"href":"https:\/\/blog.cancaonova.com\/paisecatequistas\/wp-json\/wp\/v2\/tags?post=4947"}],"curies":[{"name":"wp","href":"https:\/\/api.w.org\/{rel}","templated":true}]}}