{"id":4953,"date":"2012-09-19T10:11:39","date_gmt":"2012-09-19T12:11:39","guid":{"rendered":"http:\/\/blog.cancaonova.com\/paisecatequistas\/?p=4953"},"modified":"2012-09-20T14:44:15","modified_gmt":"2012-09-20T16:44:15","slug":"quem-e-o-maior","status":"publish","type":"post","link":"https:\/\/blog.cancaonova.com\/paisecatequistas\/quem-e-o-maior\/","title":{"rendered":"Quem \u00e9 o maior"},"content":{"rendered":"<p>Jesus sentou-se, chamou os doze e lhes disse: &#8220;Se algu\u00e9m quiser ser o primeiro, que seja o \u00faltimo de todos e aquele que serve a todos!&#8221; (Mc 9,35)<\/p>\n<p style=\"text-align: center\"><a href=\"http:\/\/blog.cancaonova.com\/paisecatequistas\/files\/2012\/08\/2475_20090427_1403581.gif\"><img loading=\"lazy\" decoding=\"async\" class=\"aligncenter size-full wp-image-4954\" src=\"http:\/\/blog.cancaonova.com\/paisecatequistas\/files\/2012\/08\/2475_20090427_1403581.gif\" alt=\"\" width=\"260\" height=\"238\" \/><\/a><\/p>\n<p style=\"text-align: center\">Para ouvir essa hist\u00f3ria da B\u00edblia com o Janj\u00e3o, acesse: <a href=\"http:\/\/www.podcast1.com.br\/programas.php?codigo_canal=2475&amp;numero_programa=25\">http:\/\/www.podcast1.com.br\/programas.php?codigo_canal=2475&amp;numero_programa=25<\/a><\/p>\n<p style=\"text-align: center\">Deus aben\u00e7oe!<\/p>\n<p style=\"text-align: center\">Vamos colorir!<\/p>\n<p style=\"text-align: center\"><a href=\"http:\/\/blog.cancaonova.com\/paisecatequistas\/files\/2012\/09\/vamoscolorir_evangelho2012-09-23.jpg\"><img loading=\"lazy\" decoding=\"async\" class=\"aligncenter size-medium wp-image-5252\" src=\"http:\/\/blog.cancaonova.com\/paisecatequistas\/files\/2012\/09\/vamoscolorir_evangelho2012-09-23-212x300.jpg\" alt=\"\" width=\"212\" height=\"300\" srcset=\"https:\/\/blog.cancaonova.com\/paisecatequistas\/files\/2012\/09\/vamoscolorir_evangelho2012-09-23-212x300.jpg 212w, https:\/\/blog.cancaonova.com\/paisecatequistas\/files\/2012\/09\/vamoscolorir_evangelho2012-09-23-723x1024.jpg 723w, https:\/\/blog.cancaonova.com\/paisecatequistas\/files\/2012\/09\/vamoscolorir_evangelho2012-09-23.jpg 1240w\" sizes=\"(max-width: 212px) 100vw, 212px\" \/><\/a><\/p>\n","protected":false},"excerpt":{"rendered":"<p>Jesus sentou-se, chamou os doze e lhes disse: &#8220;Se algu\u00e9m quiser ser o primeiro, que seja o \u00faltimo de todos e aquele que serve a todos!&#8221; (Mc 9,35) Para ouvir essa hist\u00f3ria da B\u00edblia com o Janj\u00e3o, acesse: http:\/\/www.podcast1.com.br\/programas.php?codigo_canal=2475&amp;numero_programa=25 Deus&#8230;<\/p>\n","protected":false},"author":4340,"featured_media":0,"comment_status":"open","ping_status":"open","sticky":false,"template":"","format":"standard","meta":{"_mi_skip_tracking":false,"_monsterinsights_sitenote_active":false,"_monsterinsights_sitenote_note":"","_monsterinsights_sitenote_category":0,"footnotes":""},"categories":[17601],"tags":[3,221,19990],"_links":{"self":[{"href":"https:\/\/blog.cancaonova.com\/paisecatequistas\/wp-json\/wp\/v2\/posts\/4953"}],"collection":[{"href":"https:\/\/blog.cancaonova.com\/paisecatequistas\/wp-json\/wp\/v2\/posts"}],"about":[{"href":"https:\/\/blog.cancaonova.com\/paisecatequistas\/wp-json\/wp\/v2\/types\/post"}],"author":[{"embeddable":true,"href":"https:\/\/blog.cancaonova.com\/paisecatequistas\/wp-json\/wp\/v2\/users\/4340"}],"replies":[{"embeddable":true,"href":"https:\/\/blog.cancaonova.com\/paisecatequistas\/wp-json\/wp\/v2\/comments?post=4953"}],"version-history":[{"count":7,"href":"https:\/\/blog.cancaonova.com\/paisecatequistas\/wp-json\/wp\/v2\/posts\/4953\/revisions"}],"predecessor-version":[{"id":5410,"href":"https:\/\/blog.cancaonova.com\/paisecatequistas\/wp-json\/wp\/v2\/posts\/4953\/revisions\/5410"}],"wp:attachment":[{"href":"https:\/\/blog.cancaonova.com\/paisecatequistas\/wp-json\/wp\/v2\/media?parent=4953"}],"wp:term":[{"taxonomy":"category","embeddable":true,"href":"https:\/\/blog.cancaonova.com\/paisecatequistas\/wp-json\/wp\/v2\/categories?post=4953"},{"taxonomy":"post_tag","embeddable":true,"href":"https:\/\/blog.cancaonova.com\/paisecatequistas\/wp-json\/wp\/v2\/tags?post=4953"}],"curies":[{"name":"wp","href":"https:\/\/api.w.org\/{rel}","templated":true}]}}