{"id":5,"date":"2011-10-14T09:00:22","date_gmt":"2011-10-14T11:00:22","guid":{"rendered":"http:\/\/blog.cancaonova.com\/paisecatequistas\/?p=5"},"modified":"2011-10-26T15:16:41","modified_gmt":"2011-10-26T17:16:41","slug":"filhos-como-educa-los","status":"publish","type":"post","link":"https:\/\/blog.cancaonova.com\/paisecatequistas\/filhos-como-educa-los\/","title":{"rendered":"Filhos: Como educa-los?"},"content":{"rendered":"<p class=\"MsoNormal\" style=\"text-align: left;margin: 0cm 0cm 0pt\">Ol\u00e1 pais e catequistas, estamos no m\u00eas de outubro m\u00eas das crian\u00e7as ent\u00e3o achei essa mat\u00e9ria que a Adelita(Tia Adelita) escreveu em 2008 para o blog e achei que o\u00a0assunto mesmo passado alguns anos continua em alta, o texto \u00e9 um pouco longoent\u00e3o dividi em duas partes.<\/p>\n<p class=\"MsoNormal\" style=\"text-align: center\"><a href=\"http:\/\/blog.cancaonova.com\/paisecatequistas\/files\/2008\/12\/menino_joia.jpg\"><img loading=\"lazy\" decoding=\"async\" class=\"size-medium wp-image-22 aligncenter\" src=\"http:\/\/blog.cancaonova.com\/paisecatequistas\/files\/2008\/12\/menino_joia-300x247.jpg\" alt=\"\" width=\"300\" height=\"247\" \/><\/a><\/p>\n<p><strong><span style=\"font-family: Calibri, sans-serif\"><span style=\"font-size: small\">O\u00a0poder restaurador do amor na educa\u00e7\u00e3o de nossos filhos<\/span><\/span><\/strong><\/p>\n<div style=\"text-align: justify\"><span style=\"font-family: Calibri, sans-serif\"><span style=\"font-size: small\">Quantos anos t\u00eam seu filho? <\/span><\/span><span style=\"font-family: Calibri, sans-serif\"><span style=\"font-size: small\">Desde beb\u00eas nos preocupamos com nossos filhos: que estejam bem alimentados, que estudem, arrumem um bom emprego, sejam pessoas realizadas, inseridas na sociedade e n\u00e3o marginalizadas.<br \/>\n<\/span><\/span><span style=\"font-family: Calibri, sans-serif\"><span style=\"font-size: small\">Mas quando eles nascem j\u00e1 percebemos que os &#8220;bonitinhos\u201dj\u00e1 tem personalidade.\u00a0<br \/>\nE de repente nos debaramos com a realidade que o nosso filho \u00e9 o que bate nos colegas na escola,\u00a0que faz pirra\u00e7a,\u00a0se envolve com aqueles meninos danados. E um dia\u00a0descobrimos que ele se envolveu com drogas, ou em alguma outra situa\u00e7\u00e3o que nos magoa, ofende ou envergonha.<br \/>\n<\/span><\/span><span style=\"font-family: Calibri, sans-serif\"><span style=\"font-size: small\">E com tudo isso o ch\u00e3o sai de baixo dos nossos p\u00e9s: alguns pais, paralisam com\u00a0essa situa\u00e7\u00f5es.<br \/>\n<\/span><\/span><span style=\"font-family: Calibri, sans-serif\"><span style=\"font-size: small\">E surgem as rea\u00e7\u00f5es alguns fazem de conta que nada est\u00e1 acontecendo outros para n\u00e3o sofrer inventam e criam justificativas, o\u00a0que s\u00f3 faz alimentar a dist\u00e2ncia.<br \/>\n<\/span><\/span><span style=\"font-family: Calibri, sans-serif\"><span style=\"font-size: small\">Eu sinto que Deus quer trabalhar em nossos cora\u00e7\u00f5es de pais justamente a liberta\u00e7\u00e3o dos pr\u00e9 conceito. <\/span><\/span><span style=\"font-family: Calibri, sans-serif\"><span style=\"font-size: small\">Nem que seu filho fosse traficante e assassino voc\u00ea poderia consider\u00e1-lo um caso perdido. Porque isso seria mesmo que n\u00e3o crer em Deus.<br \/>\n<\/span><\/span><span style=\"font-family: Calibri, sans-serif\"><span style=\"font-size: small\">Jean Vanier, fundador de uma das comunidades mais queridas da Igreja Cat\u00f3lica, a Arca, que acolhe deficientes f\u00edsicos e mentais abandonados, disse que <\/span><\/span><span style=\"font-family: Calibri, sans-serif\"><span style=\"font-size: small\">as pessoas chegam pra ele t\u00e3o destru\u00eddas que perdem totalmente a capacidade de dialogo, vivem numa imensa solid\u00e3o interior.<\/span><\/span><span style=\"font-family: Calibri, sans-serif\"><span style=\"font-size: small\"> E reagem com agressividade, gritos. O primeiro trabalho da arca \u00e9 <\/span><\/span><span style=\"font-family: Calibri, sans-serif\"><span style=\"font-size: small\">resgatar a comunica\u00e7\u00e3o<\/span><\/span><span style=\"font-family: Calibri, sans-serif\"><span style=\"font-size: small\"> com essas pessoas. Como? <\/span><\/span><span style=\"font-family: Calibri, sans-serif\"><span style=\"font-size: small\">Sendo simplesmente presen\u00e7a. A pessoa primeiro precisa sentir que mesmo batendo, cuspindo, gritando, aquele irm\u00e3o ao seu lado n\u00e3o o abandona<\/span><\/span><span style=\"font-family: Calibri, sans-serif\"><span style=\"font-size: small\">. Ent\u00e3o come\u00e7a a confiar porque come\u00e7a a se sentir amada. \u00c9 como se abrisse uma frestinha na alma para o sol entrar.<br \/>\n<\/span><\/span><\/div>\n<div style=\"text-align: justify\"><span style=\"font-family: Calibri, sans-serif\"><span style=\"font-size: small\"><em><br \/>\nNossos filhos n\u00e3o est\u00e3o nesse grau de isolamento, mas muitas vezes suas rebeldias, pirra\u00e7as, agressividades significam: Eu estou aqui, me ou\u00e7a, demonstre o seu amor, eu estou com medo.<\/em><\/span><\/span><\/div>\n","protected":false},"excerpt":{"rendered":"<p>Ol\u00e1 pais e catequistas, estamos no m\u00eas de outubro m\u00eas das crian\u00e7as ent\u00e3o achei essa mat\u00e9ria que a Adelita(Tia Adelita) escreveu em 2008 para o blog e achei que o\u00a0assunto mesmo passado alguns anos continua em alta, o texto \u00e9&#8230;<\/p>\n","protected":false},"author":4340,"featured_media":0,"comment_status":"open","ping_status":"open","sticky":false,"template":"","format":"standard","meta":{"_mi_skip_tracking":false,"_monsterinsights_sitenote_active":false,"_monsterinsights_sitenote_note":"","_monsterinsights_sitenote_category":0,"footnotes":""},"categories":[16851,23],"tags":[721,57442],"_links":{"self":[{"href":"https:\/\/blog.cancaonova.com\/paisecatequistas\/wp-json\/wp\/v2\/posts\/5"}],"collection":[{"href":"https:\/\/blog.cancaonova.com\/paisecatequistas\/wp-json\/wp\/v2\/posts"}],"about":[{"href":"https:\/\/blog.cancaonova.com\/paisecatequistas\/wp-json\/wp\/v2\/types\/post"}],"author":[{"embeddable":true,"href":"https:\/\/blog.cancaonova.com\/paisecatequistas\/wp-json\/wp\/v2\/users\/4340"}],"replies":[{"embeddable":true,"href":"https:\/\/blog.cancaonova.com\/paisecatequistas\/wp-json\/wp\/v2\/comments?post=5"}],"version-history":[{"count":17,"href":"https:\/\/blog.cancaonova.com\/paisecatequistas\/wp-json\/wp\/v2\/posts\/5\/revisions"}],"predecessor-version":[{"id":24,"href":"https:\/\/blog.cancaonova.com\/paisecatequistas\/wp-json\/wp\/v2\/posts\/5\/revisions\/24"}],"wp:attachment":[{"href":"https:\/\/blog.cancaonova.com\/paisecatequistas\/wp-json\/wp\/v2\/media?parent=5"}],"wp:term":[{"taxonomy":"category","embeddable":true,"href":"https:\/\/blog.cancaonova.com\/paisecatequistas\/wp-json\/wp\/v2\/categories?post=5"},{"taxonomy":"post_tag","embeddable":true,"href":"https:\/\/blog.cancaonova.com\/paisecatequistas\/wp-json\/wp\/v2\/tags?post=5"}],"curies":[{"name":"wp","href":"https:\/\/api.w.org\/{rel}","templated":true}]}}