{"id":5029,"date":"2012-10-03T09:00:18","date_gmt":"2012-10-03T11:00:18","guid":{"rendered":"http:\/\/blog.cancaonova.com\/paisecatequistas\/?p=5029"},"modified":"2012-10-02T14:33:22","modified_gmt":"2012-10-02T16:33:22","slug":"familia-um-projeto-de-deus","status":"publish","type":"post","link":"https:\/\/blog.cancaonova.com\/paisecatequistas\/familia-um-projeto-de-deus\/","title":{"rendered":"Familia: Um projeto de Deus"},"content":{"rendered":"<p><span style=\"color: #ff0000\"><strong><span style=\"color: #ff0000\">O Matrimonio e a Familia: Obra predileta de Deus<\/span><\/strong>.<\/span><\/p>\n<p><a href=\"http:\/\/blog.cancaonova.com\/paisecatequistas\/files\/2012\/08\/sagrada-familia.jpg\"><img loading=\"lazy\" decoding=\"async\" class=\"aligncenter size-medium wp-image-5034\" src=\"http:\/\/blog.cancaonova.com\/paisecatequistas\/files\/2012\/08\/sagrada-familia-300x225.jpg\" alt=\"\" width=\"300\" height=\"225\" srcset=\"https:\/\/blog.cancaonova.com\/paisecatequistas\/files\/2012\/08\/sagrada-familia-300x225.jpg 300w, https:\/\/blog.cancaonova.com\/paisecatequistas\/files\/2012\/08\/sagrada-familia.jpg 1024w\" sizes=\"(max-width: 300px) 100vw, 300px\" \/><\/a><\/p>\n<p>Evangelho Marcos 10, 2- 12<\/p>\n<p style=\"text-align: justify\">O Matrimonio \u00e9 um projeto eterno de Deus. No versiculo 6 diz assim: No entanto, desde o principio da cria\u00e7\u00e3o Deus os fez homem e mulher. (Mc 10, 6) Ai esta a beleza do matrimonio, homem e mulher: efus\u00e3o do amor de Deus. Somos chamados por amor e para amar. Portanto, o que Deus uniu o homem n\u00e3o separe. (Mc 10, 9) Nesse trecho do Evangelho de S\u00e3o Marcos, Jesus quer nos ensinar o valor da Fam\u00edlia. Ela n\u00e3o \u00e9 cria\u00e7\u00e3o humana, nem do Estado, nem da Igreja. A Familia nasceu no cora\u00e7\u00e3o de Deus quando criou o homem e a mulher a sua imagem e semelhan\u00e7a.<\/p>\n<p style=\"text-align: justify\">ATIVIDADE: Pedir para cada crian\u00e7a trazer uma foto dela com a sua fam\u00edlia. Motivar as crian\u00e7as para que cada uma partilhe as qualidades da sua familia.<\/p>\n<p style=\"text-align: justify\">Vamos colorir.<\/p>\n<p style=\"text-align: justify\"><a href=\"http:\/\/blog.cancaonova.com\/paisecatequistas\/files\/2012\/10\/vamoscolorir_evangelho2012-10-07.jpg\"><img loading=\"lazy\" decoding=\"async\" class=\"aligncenter size-medium wp-image-5437\" src=\"http:\/\/blog.cancaonova.com\/paisecatequistas\/files\/2012\/10\/vamoscolorir_evangelho2012-10-07-212x300.jpg\" alt=\"\" width=\"212\" height=\"300\" srcset=\"https:\/\/blog.cancaonova.com\/paisecatequistas\/files\/2012\/10\/vamoscolorir_evangelho2012-10-07-212x300.jpg 212w, https:\/\/blog.cancaonova.com\/paisecatequistas\/files\/2012\/10\/vamoscolorir_evangelho2012-10-07-723x1024.jpg 723w, https:\/\/blog.cancaonova.com\/paisecatequistas\/files\/2012\/10\/vamoscolorir_evangelho2012-10-07.jpg 1240w\" sizes=\"(max-width: 212px) 100vw, 212px\" \/><\/a><\/p>\n","protected":false},"excerpt":{"rendered":"<p>O Matrimonio e a Familia: Obra predileta de Deus. Evangelho Marcos 10, 2- 12 O Matrimonio \u00e9 um projeto eterno de Deus. No versiculo 6 diz assim: No entanto, desde o principio da cria\u00e7\u00e3o Deus os fez homem e mulher&#8230;.<\/p>\n","protected":false},"author":4340,"featured_media":0,"comment_status":"open","ping_status":"open","sticky":false,"template":"","format":"standard","meta":{"_mi_skip_tracking":false,"_monsterinsights_sitenote_active":false,"_monsterinsights_sitenote_note":"","_monsterinsights_sitenote_category":0,"footnotes":""},"categories":[17601],"tags":[16488,40,133262],"_links":{"self":[{"href":"https:\/\/blog.cancaonova.com\/paisecatequistas\/wp-json\/wp\/v2\/posts\/5029"}],"collection":[{"href":"https:\/\/blog.cancaonova.com\/paisecatequistas\/wp-json\/wp\/v2\/posts"}],"about":[{"href":"https:\/\/blog.cancaonova.com\/paisecatequistas\/wp-json\/wp\/v2\/types\/post"}],"author":[{"embeddable":true,"href":"https:\/\/blog.cancaonova.com\/paisecatequistas\/wp-json\/wp\/v2\/users\/4340"}],"replies":[{"embeddable":true,"href":"https:\/\/blog.cancaonova.com\/paisecatequistas\/wp-json\/wp\/v2\/comments?post=5029"}],"version-history":[{"count":9,"href":"https:\/\/blog.cancaonova.com\/paisecatequistas\/wp-json\/wp\/v2\/posts\/5029\/revisions"}],"predecessor-version":[{"id":5438,"href":"https:\/\/blog.cancaonova.com\/paisecatequistas\/wp-json\/wp\/v2\/posts\/5029\/revisions\/5438"}],"wp:attachment":[{"href":"https:\/\/blog.cancaonova.com\/paisecatequistas\/wp-json\/wp\/v2\/media?parent=5029"}],"wp:term":[{"taxonomy":"category","embeddable":true,"href":"https:\/\/blog.cancaonova.com\/paisecatequistas\/wp-json\/wp\/v2\/categories?post=5029"},{"taxonomy":"post_tag","embeddable":true,"href":"https:\/\/blog.cancaonova.com\/paisecatequistas\/wp-json\/wp\/v2\/tags?post=5029"}],"curies":[{"name":"wp","href":"https:\/\/api.w.org\/{rel}","templated":true}]}}