{"id":5079,"date":"2015-10-12T08:00:03","date_gmt":"2015-10-12T10:00:03","guid":{"rendered":"http:\/\/blog.cancaonova.com\/paisecatequistas\/?p=5079"},"modified":"2015-10-02T11:03:53","modified_gmt":"2015-10-02T13:03:53","slug":"maezinha-do-ceu-morena","status":"publish","type":"post","link":"https:\/\/blog.cancaonova.com\/paisecatequistas\/maezinha-do-ceu-morena\/","title":{"rendered":"M\u00e3ezinha do C\u00e9u Morena"},"content":{"rendered":"<p><strong><a href=\"http:\/\/blog.cancaonova.com\/paisecatequistas\/files\/2012\/10\/devoac2a7ac2b5es-marianas-nossa-senhora-aparecida1.jpg\"><img loading=\"lazy\" decoding=\"async\" class=\"aligncenter size-medium wp-image-5317\" src=\"http:\/\/blog.cancaonova.com\/paisecatequistas\/files\/2012\/10\/devoac2a7ac2b5es-marianas-nossa-senhora-aparecida1-300x225.jpg\" alt=\"\" width=\"300\" height=\"225\" srcset=\"https:\/\/blog.cancaonova.com\/paisecatequistas\/files\/2012\/10\/devoac2a7ac2b5es-marianas-nossa-senhora-aparecida1-300x225.jpg 300w, https:\/\/blog.cancaonova.com\/paisecatequistas\/files\/2012\/10\/devoac2a7ac2b5es-marianas-nossa-senhora-aparecida1.jpg 400w\" sizes=\"(max-width: 300px) 100vw, 300px\" \/><\/a>Nossa Senhora Aparecida Padroeira do Brasil!<\/strong><\/p>\n<p style=\"text-align: justify\"><span style=\"font-family: Arial, sans-serif\"><span style=\"font-size: small\">Entre tantos nomes ou t\u00edtulos que Nossa Senhora recebeu tem um que fala muito forte ao cora\u00e7\u00e3o do povo brasileiro: Nossa Senhora Aparecida padroeira do Brasil.<\/span><\/span><\/p>\n<p style=\"text-align: justify\"><span style=\"font-family: Arial, sans-serif\"><span style=\"font-size: small\">Por isso, vamos agora a uma pequena cidade do estado de S\u00e3o Paulo chamada Guaratinguet\u00e1.<\/span><\/span><\/p>\n<p style=\"text-align: justify\"><span style=\"font-family: Arial, sans-serif\"><span style=\"font-size: small\">Em outubro de 1717 tr\u00eas pescadores lan\u00e7aram as redes no Porto de Itagua\u00e7u no Rio Para\u00edba, em busca dos peixes e nada.<\/span><\/span><\/p>\n<p style=\"text-align: justify\"><span style=\"font-family: Arial, sans-serif\"><span style=\"font-size: small\">Foram muitas e muitas tentativas, as redes jogadas ao rio voltaram vazias.<\/span><\/span><\/p>\n<p style=\"text-align: justify\"><span style=\"font-family: Arial, sans-serif\"><span style=\"font-size: small\">J\u00e1 estavam cansados e desanimados, at\u00e9 que Jo\u00e3o Alves tirou das \u00e1guas, para sua surpresa, a imagem de uma senhora sem cabe\u00e7a, acharam estranho, mais continuaram a lan\u00e7ar as redes, quando logo em seguida, para a maior surpresa: ele viu surgir a cabe\u00e7a que faltava daquela imagem que tinha pescado.<\/span><\/span><\/p>\n<p style=\"text-align: justify\"><span style=\"font-family: Arial, sans-serif\"><span style=\"font-size: small\">Como entender que pescariam o corpo e a cabe\u00e7a de uma imagem?<\/span><\/span><\/p>\n<p style=\"text-align: justify\"><span style=\"font-family: Arial, sans-serif\"><span style=\"font-size: small\">Depois disso, as redes que foram jogadas novamente voltaram repletas de peixes.<br \/>\nAquele foi considerado um grande milagre. Pois at\u00e9 este momento n\u00e3o haviam pescado nada.<\/span><\/span><\/p>\n<p style=\"text-align: justify\"><span style=\"font-family: Arial, sans-serif\"><span style=\"font-size: small\">Os pescadores fizeram um orat\u00f3rio para a imagem e as pessoas do vilarejo se reuniam para rezar diante daquela imagem e pedir gra\u00e7as pela intercess\u00e3o de Nossa Senhora. Muitas vezes a noite, as velas se apagavam e se acendiam sozinhas e diante de pedidos feitos a M\u00e3e de Jesus, muitos outros milagres aconteceram.<br \/>\nDe l\u00e1 para c\u00e1, os devotos jamais se cansaram de sair em romaria, para chegar aos p\u00e9s da santa.<\/span><\/span><\/p>\n<p style=\"text-align: justify\"><span style=\"font-family: Arial, sans-serif\"><span style=\"font-size: small\">A mesma imagem encontrada pelos pescadores em 1717, est\u00e1 ainda hoje na Bas\u00edlica em Aparecida do Norte, recebendo por ano a visita de multid\u00f5es.<\/span><\/span><\/p>\n<p style=\"text-align: justify\"><span style=\"font-family: Arial, sans-serif\"><span style=\"font-size: small\">Voc\u00ea quer conhecer um pouco mais\u00a0sobre Nossa Senhora Aparecida, tia Adelita \u00e9 quem nos conta.<\/span><\/span><\/p>\n<p style=\"text-align: justify\"><span style=\"font-family: Arial, sans-serif\"><span style=\"font-size: small\">acesse: <a href=\"http:\/\/www.youtube.com\/watch?v=RQtxb_uYzF0\">http:\/\/www.youtube.com\/watch?v=RQtxb_uYzF0<\/a><\/span><\/span><\/p>\n<p style=\"text-align: justify\"><span style=\"color: #000000\"><span style=\"font-family: Arial, sans-serif\"><span style=\"font-size: small\"><strong>A festa de Nossa Senhora Aparecida,a Padroeira do nosso Brasil, \u00e9 celebrada no dia 12 de outubro, dia em que comemoramos tamb\u00e9m o dia das crian\u00e7as. O seu dia!<\/strong><\/span><\/span><\/span><\/p>\n<p style=\"text-align: justify\"><strong><span style=\"font-size: small\">Vamos Colorir<\/span><\/strong><\/p>\n<p style=\"text-align: justify\"><a href=\"http:\/\/blog.cancaonova.com\/paisecatequistas\/files\/2012\/08\/oracao_aparecida1.jpg\"><img loading=\"lazy\" decoding=\"async\" class=\"aligncenter size-medium wp-image-5080\" src=\"http:\/\/blog.cancaonova.com\/paisecatequistas\/files\/2012\/08\/oracao_aparecida1-200x300.jpg\" alt=\"\" width=\"200\" height=\"300\" srcset=\"https:\/\/blog.cancaonova.com\/paisecatequistas\/files\/2012\/08\/oracao_aparecida1-200x300.jpg 200w, https:\/\/blog.cancaonova.com\/paisecatequistas\/files\/2012\/08\/oracao_aparecida1.jpg 400w\" sizes=\"(max-width: 200px) 100vw, 200px\" \/><\/a><\/p>\n","protected":false},"excerpt":{"rendered":"<p>Nossa Senhora Aparecida Padroeira do Brasil! Entre tantos nomes ou t\u00edtulos que Nossa Senhora recebeu tem um que fala muito forte ao cora\u00e7\u00e3o do povo brasileiro: Nossa Senhora Aparecida padroeira do Brasil. Por isso, vamos agora a uma pequena cidade&#8230;<\/p>\n","protected":false},"author":4340,"featured_media":0,"comment_status":"open","ping_status":"open","sticky":false,"template":"","format":"standard","meta":{"_mi_skip_tracking":false,"_monsterinsights_sitenote_active":false,"_monsterinsights_sitenote_note":"","_monsterinsights_sitenote_category":0,"footnotes":""},"categories":[16089],"tags":[19368,15401,18856],"_links":{"self":[{"href":"https:\/\/blog.cancaonova.com\/paisecatequistas\/wp-json\/wp\/v2\/posts\/5079"}],"collection":[{"href":"https:\/\/blog.cancaonova.com\/paisecatequistas\/wp-json\/wp\/v2\/posts"}],"about":[{"href":"https:\/\/blog.cancaonova.com\/paisecatequistas\/wp-json\/wp\/v2\/types\/post"}],"author":[{"embeddable":true,"href":"https:\/\/blog.cancaonova.com\/paisecatequistas\/wp-json\/wp\/v2\/users\/4340"}],"replies":[{"embeddable":true,"href":"https:\/\/blog.cancaonova.com\/paisecatequistas\/wp-json\/wp\/v2\/comments?post=5079"}],"version-history":[{"count":7,"href":"https:\/\/blog.cancaonova.com\/paisecatequistas\/wp-json\/wp\/v2\/posts\/5079\/revisions"}],"predecessor-version":[{"id":6401,"href":"https:\/\/blog.cancaonova.com\/paisecatequistas\/wp-json\/wp\/v2\/posts\/5079\/revisions\/6401"}],"wp:attachment":[{"href":"https:\/\/blog.cancaonova.com\/paisecatequistas\/wp-json\/wp\/v2\/media?parent=5079"}],"wp:term":[{"taxonomy":"category","embeddable":true,"href":"https:\/\/blog.cancaonova.com\/paisecatequistas\/wp-json\/wp\/v2\/categories?post=5079"},{"taxonomy":"post_tag","embeddable":true,"href":"https:\/\/blog.cancaonova.com\/paisecatequistas\/wp-json\/wp\/v2\/tags?post=5079"}],"curies":[{"name":"wp","href":"https:\/\/api.w.org\/{rel}","templated":true}]}}