{"id":5085,"date":"2012-10-17T09:20:18","date_gmt":"2012-10-17T11:20:18","guid":{"rendered":"http:\/\/blog.cancaonova.com\/paisecatequistas\/?p=5085"},"modified":"2012-10-02T14:51:57","modified_gmt":"2012-10-02T16:51:57","slug":"quem-e-o-mais-importante","status":"publish","type":"post","link":"https:\/\/blog.cancaonova.com\/paisecatequistas\/quem-e-o-mais-importante\/","title":{"rendered":"Quem \u00e9 o mais importante?"},"content":{"rendered":"<p><strong><span style=\"color: #ff0000\">Quem quiser ser o maior, seja aquele que serve!<\/span><\/strong><\/p>\n<p><strong><span style=\"color: #ff0000\"><a href=\"http:\/\/blog.cancaonova.com\/paisecatequistas\/files\/2012\/08\/ajuda.jpg\"><\/a><\/span><\/strong><\/p>\n<p>Evangelho &#8211; Marcos 10,35-45<\/p>\n<p><a href=\"http:\/\/blog.cancaonova.com\/paisecatequistas\/files\/2012\/10\/lavar-os-p\u00e9s.jpg\"><img loading=\"lazy\" decoding=\"async\" class=\"aligncenter size-full wp-image-5444\" src=\"http:\/\/blog.cancaonova.com\/paisecatequistas\/files\/2012\/10\/lavar-os-p\u00e9s.jpg\" alt=\"\" width=\"251\" height=\"201\" \/><\/a><\/p>\n<p>Neste trecho do Evangelho, os apostolos conversavam entre eles quem seria o mais importante, ent\u00e3o Jesus deu\u00a0uma grande li\u00e7\u00e3o.<\/p>\n<p>Quem quiser ser o primeiro que seja o servo de todos.\u00a0Vamos aprender com Jesus\u00a0\u00a0a servir o outro.\u00a0 Uma forma maravilhosa de vencer o orgulho e cultivar a humildade.<\/p>\n<p>Comece com pequenos gestos em sua casa, no seu trabalho, na escola. Seja o primeiro a servir assim como Jesus nos ensina.<\/p>\n<p>Voc\u00ea j\u00e1 ouviu essa frase: O amor que nos cura \u00e9 aquele que damos e n\u00e3o aquele que recebemos. Quanto mais voc\u00ea amar, mais curado, mais feliz, mais realizado ser\u00e1, pois o amor nos transforma por dentro e por fora.<\/p>\n<p>&#8220;Pois o Filho do Homem n\u00e3o veio para ser servido, mas para servir e dar sua vida em resgate por muitos.&#8221; (Mc 10, 45)<\/p>\n<p>Vamos rezar pedindo essa gra\u00e7a a Jesus:<\/p>\n<p>Jesus d\u00e1-nos um cora\u00e7\u00e3o igual ao seu.\u00a0Um cora\u00e7\u00e3o que ama, capaz de dar a vida pelos outros. Am\u00e9m!!!<\/p>\n<p>Vamos colorir.<\/p>\n<p><a href=\"http:\/\/blog.cancaonova.com\/paisecatequistas\/files\/2012\/10\/vamoscolorir_evangelho2012-10-21.jpg\"><img loading=\"lazy\" decoding=\"async\" class=\"aligncenter size-medium wp-image-5443\" src=\"http:\/\/blog.cancaonova.com\/paisecatequistas\/files\/2012\/10\/vamoscolorir_evangelho2012-10-21-212x300.jpg\" alt=\"\" width=\"212\" height=\"300\" srcset=\"https:\/\/blog.cancaonova.com\/paisecatequistas\/files\/2012\/10\/vamoscolorir_evangelho2012-10-21-212x300.jpg 212w, https:\/\/blog.cancaonova.com\/paisecatequistas\/files\/2012\/10\/vamoscolorir_evangelho2012-10-21-723x1024.jpg 723w, https:\/\/blog.cancaonova.com\/paisecatequistas\/files\/2012\/10\/vamoscolorir_evangelho2012-10-21.jpg 1240w\" sizes=\"(max-width: 212px) 100vw, 212px\" \/><\/a><\/p>\n","protected":false},"excerpt":{"rendered":"<p>Quem quiser ser o maior, seja aquele que serve! Evangelho &#8211; Marcos 10,35-45 Neste trecho do Evangelho, os apostolos conversavam entre eles quem seria o mais importante, ent\u00e3o Jesus deu\u00a0uma grande li\u00e7\u00e3o. Quem quiser ser o primeiro que seja o&#8230;<\/p>\n","protected":false},"author":4340,"featured_media":0,"comment_status":"open","ping_status":"open","sticky":false,"template":"","format":"standard","meta":{"_mi_skip_tracking":false,"_monsterinsights_sitenote_active":false,"_monsterinsights_sitenote_note":"","_monsterinsights_sitenote_category":0,"footnotes":""},"categories":[17601],"tags":[133270,19959],"_links":{"self":[{"href":"https:\/\/blog.cancaonova.com\/paisecatequistas\/wp-json\/wp\/v2\/posts\/5085"}],"collection":[{"href":"https:\/\/blog.cancaonova.com\/paisecatequistas\/wp-json\/wp\/v2\/posts"}],"about":[{"href":"https:\/\/blog.cancaonova.com\/paisecatequistas\/wp-json\/wp\/v2\/types\/post"}],"author":[{"embeddable":true,"href":"https:\/\/blog.cancaonova.com\/paisecatequistas\/wp-json\/wp\/v2\/users\/4340"}],"replies":[{"embeddable":true,"href":"https:\/\/blog.cancaonova.com\/paisecatequistas\/wp-json\/wp\/v2\/comments?post=5085"}],"version-history":[{"count":12,"href":"https:\/\/blog.cancaonova.com\/paisecatequistas\/wp-json\/wp\/v2\/posts\/5085\/revisions"}],"predecessor-version":[{"id":5180,"href":"https:\/\/blog.cancaonova.com\/paisecatequistas\/wp-json\/wp\/v2\/posts\/5085\/revisions\/5180"}],"wp:attachment":[{"href":"https:\/\/blog.cancaonova.com\/paisecatequistas\/wp-json\/wp\/v2\/media?parent=5085"}],"wp:term":[{"taxonomy":"category","embeddable":true,"href":"https:\/\/blog.cancaonova.com\/paisecatequistas\/wp-json\/wp\/v2\/categories?post=5085"},{"taxonomy":"post_tag","embeddable":true,"href":"https:\/\/blog.cancaonova.com\/paisecatequistas\/wp-json\/wp\/v2\/tags?post=5085"}],"curies":[{"name":"wp","href":"https:\/\/api.w.org\/{rel}","templated":true}]}}