{"id":5191,"date":"2014-08-29T08:00:43","date_gmt":"2014-08-29T10:00:43","guid":{"rendered":"http:\/\/blog.cancaonova.com\/paisecatequistas\/?p=5191"},"modified":"2014-07-28T15:39:09","modified_gmt":"2014-07-28T17:39:09","slug":"joao-batista","status":"publish","type":"post","link":"https:\/\/blog.cancaonova.com\/paisecatequistas\/joao-batista\/","title":{"rendered":"Jo\u00e3o Batista"},"content":{"rendered":"<h3>O m\u00e1rtir S\u00e3o Jo\u00e3o Batista.<\/h3>\n<p><a href=\"http:\/\/blog.cancaonova.com\/paisecatequistas\/files\/2012\/08\/Joao-Batista-fala-de-Jesus-a-seus-disc\u00edpulos-300x223.jpg\"><img loading=\"lazy\" decoding=\"async\" class=\"aligncenter size-full wp-image-5192\" src=\"http:\/\/blog.cancaonova.com\/paisecatequistas\/files\/2012\/08\/Joao-Batista-fala-de-Jesus-a-seus-disc\u00edpulos-300x223.jpg\" alt=\"\" width=\"300\" height=\"223\" \/><\/a><\/p>\n<h3 style=\"text-align: justify\">A respeito de Jo\u00e3o Batista, seu Pai Zacarias profetizou: &#8220;E voc\u00ea, menino, ser\u00e1 chamado profeta do Alt\u00edssimo, porque vir\u00e1 antes do Senhor e lhe prepar\u00e1 o caminho&#8221;.<\/h3>\n<h4 style=\"text-align: justify\">Para saber mais sobre a vida desse grande profeta acesse:<\/h4>\n<h4 style=\"text-align: justify\"><a href=\"http:\/\/blog.cancaonova.com\/amigosdoceu\/2012\/08\/29\/joao-batista-martir\/\">http:\/\/blog.cancaonova.com\/amigosdoceu\/2012\/08\/29\/joao-batista-martir\/<\/a><\/h4>\n<h3>Voc\u00ea catequista \u00e9 chamado(a) por Deus a continuar a miss\u00e3o de Jo\u00e3o Batista, anunciando Jesus e a salva\u00e7\u00e3o que Ele nos tr\u00e1s. Vamos pedir a intercess\u00e3o desse santo para que sejamos corajosos assim como ele foi?<\/h3>\n<h3>Deus aben\u00e7oe a sua Miss\u00e3o.<\/h3>\n","protected":false},"excerpt":{"rendered":"<p>O m\u00e1rtir S\u00e3o Jo\u00e3o Batista. A respeito de Jo\u00e3o Batista, seu Pai Zacarias profetizou: &#8220;E voc\u00ea, menino, ser\u00e1 chamado profeta do Alt\u00edssimo, porque vir\u00e1 antes do Senhor e lhe prepar\u00e1 o caminho&#8221;. Para saber mais sobre a vida desse grande&#8230;<\/p>\n","protected":false},"author":4340,"featured_media":0,"comment_status":"open","ping_status":"open","sticky":false,"template":"","format":"standard","meta":{"_mi_skip_tracking":false,"_monsterinsights_sitenote_active":false,"_monsterinsights_sitenote_note":"","_monsterinsights_sitenote_category":0,"footnotes":""},"categories":[23,1],"tags":[23204,20120,23224],"_links":{"self":[{"href":"https:\/\/blog.cancaonova.com\/paisecatequistas\/wp-json\/wp\/v2\/posts\/5191"}],"collection":[{"href":"https:\/\/blog.cancaonova.com\/paisecatequistas\/wp-json\/wp\/v2\/posts"}],"about":[{"href":"https:\/\/blog.cancaonova.com\/paisecatequistas\/wp-json\/wp\/v2\/types\/post"}],"author":[{"embeddable":true,"href":"https:\/\/blog.cancaonova.com\/paisecatequistas\/wp-json\/wp\/v2\/users\/4340"}],"replies":[{"embeddable":true,"href":"https:\/\/blog.cancaonova.com\/paisecatequistas\/wp-json\/wp\/v2\/comments?post=5191"}],"version-history":[{"count":6,"href":"https:\/\/blog.cancaonova.com\/paisecatequistas\/wp-json\/wp\/v2\/posts\/5191\/revisions"}],"predecessor-version":[{"id":6228,"href":"https:\/\/blog.cancaonova.com\/paisecatequistas\/wp-json\/wp\/v2\/posts\/5191\/revisions\/6228"}],"wp:attachment":[{"href":"https:\/\/blog.cancaonova.com\/paisecatequistas\/wp-json\/wp\/v2\/media?parent=5191"}],"wp:term":[{"taxonomy":"category","embeddable":true,"href":"https:\/\/blog.cancaonova.com\/paisecatequistas\/wp-json\/wp\/v2\/categories?post=5191"},{"taxonomy":"post_tag","embeddable":true,"href":"https:\/\/blog.cancaonova.com\/paisecatequistas\/wp-json\/wp\/v2\/tags?post=5191"}],"curies":[{"name":"wp","href":"https:\/\/api.w.org\/{rel}","templated":true}]}}