{"id":5197,"date":"2012-09-21T09:00:07","date_gmt":"2012-09-21T11:00:07","guid":{"rendered":"http:\/\/blog.cancaonova.com\/paisecatequistas\/?p=5197"},"modified":"2012-08-29T17:44:14","modified_gmt":"2012-08-29T19:44:14","slug":"vamos-colorir-2","status":"publish","type":"post","link":"https:\/\/blog.cancaonova.com\/paisecatequistas\/vamos-colorir-2\/","title":{"rendered":"Vamos colorir"},"content":{"rendered":"<h3><span style=\"color: #0000ff\">Jesus, nosso amigo!<\/span><\/h3>\n<p><a href=\"http:\/\/blog.cancaonova.com\/paisecatequistas\/files\/2012\/08\/bela-e-jesus1.jpg\"><img loading=\"lazy\" decoding=\"async\" class=\"aligncenter size-medium wp-image-5198\" src=\"http:\/\/blog.cancaonova.com\/paisecatequistas\/files\/2012\/08\/bela-e-jesus1-300x291.jpg\" alt=\"\" width=\"300\" height=\"291\" srcset=\"https:\/\/blog.cancaonova.com\/paisecatequistas\/files\/2012\/08\/bela-e-jesus1-300x291.jpg 300w, https:\/\/blog.cancaonova.com\/paisecatequistas\/files\/2012\/08\/bela-e-jesus1.jpg 400w\" sizes=\"(max-width: 300px) 100vw, 300px\" \/><\/a><\/p>\n<p>Uma op\u00e7\u00e3o para voc\u00ea colorir online.<\/p>\n<p>Acesse: <a href=\"http:\/\/blog.cancaonova.com\/cantinho\/2011\/11\/16\/desenho-para-colorir-on-line\/\">http:\/\/blog.cancaonova.com\/cantinho\/2011\/11\/16\/desenho-para-colorir-on-line\/<\/a><\/p>\n","protected":false},"excerpt":{"rendered":"<p>Jesus, nosso amigo! Uma op\u00e7\u00e3o para voc\u00ea colorir online. Acesse: http:\/\/blog.cancaonova.com\/cantinho\/2011\/11\/16\/desenho-para-colorir-on-line\/<\/p>\n","protected":false},"author":4340,"featured_media":0,"comment_status":"open","ping_status":"open","sticky":false,"template":"","format":"standard","meta":{"_mi_skip_tracking":false,"_monsterinsights_sitenote_active":false,"_monsterinsights_sitenote_note":"","_monsterinsights_sitenote_category":0,"footnotes":""},"categories":[16089],"tags":[15161,221,16772],"_links":{"self":[{"href":"https:\/\/blog.cancaonova.com\/paisecatequistas\/wp-json\/wp\/v2\/posts\/5197"}],"collection":[{"href":"https:\/\/blog.cancaonova.com\/paisecatequistas\/wp-json\/wp\/v2\/posts"}],"about":[{"href":"https:\/\/blog.cancaonova.com\/paisecatequistas\/wp-json\/wp\/v2\/types\/post"}],"author":[{"embeddable":true,"href":"https:\/\/blog.cancaonova.com\/paisecatequistas\/wp-json\/wp\/v2\/users\/4340"}],"replies":[{"embeddable":true,"href":"https:\/\/blog.cancaonova.com\/paisecatequistas\/wp-json\/wp\/v2\/comments?post=5197"}],"version-history":[{"count":6,"href":"https:\/\/blog.cancaonova.com\/paisecatequistas\/wp-json\/wp\/v2\/posts\/5197\/revisions"}],"predecessor-version":[{"id":5204,"href":"https:\/\/blog.cancaonova.com\/paisecatequistas\/wp-json\/wp\/v2\/posts\/5197\/revisions\/5204"}],"wp:attachment":[{"href":"https:\/\/blog.cancaonova.com\/paisecatequistas\/wp-json\/wp\/v2\/media?parent=5197"}],"wp:term":[{"taxonomy":"category","embeddable":true,"href":"https:\/\/blog.cancaonova.com\/paisecatequistas\/wp-json\/wp\/v2\/categories?post=5197"},{"taxonomy":"post_tag","embeddable":true,"href":"https:\/\/blog.cancaonova.com\/paisecatequistas\/wp-json\/wp\/v2\/tags?post=5197"}],"curies":[{"name":"wp","href":"https:\/\/api.w.org\/{rel}","templated":true}]}}