{"id":5217,"date":"2023-09-14T08:00:51","date_gmt":"2023-09-14T10:00:51","guid":{"rendered":"http:\/\/blog.cancaonova.com\/paisecatequistas\/?p=5217"},"modified":"2024-09-11T15:07:01","modified_gmt":"2024-09-11T17:07:01","slug":"exaltacao-da-santa-cruz","status":"publish","type":"post","link":"https:\/\/blog.cancaonova.com\/paisecatequistas\/exaltacao-da-santa-cruz\/","title":{"rendered":"A Santa Cruz \u00e9 sinal de vit\u00f3ria para o crist\u00e3o"},"content":{"rendered":"<p style=\"text-align: justify\">As rel\u00edquias da Santa Cruz, descobertas pela imperatriz Santa Helena, no dia 14 de setembro de 320, foram levadas para a Bas\u00edlica do Santo Sepulcro, em Jerusal\u00e9m, no dia 14 de setembro do ano 335. A partir dessa data, temos em toda a Igreja a festa da \u201cExalta\u00e7\u00e3o da Santa Cruz\u201d.<\/p>\n<p style=\"text-align: justify\">Neste dia especial, vamos nos dedicar \u00e0 contempla\u00e7\u00e3o da Cruz e experimentar todo amor de Jesus por n\u00f3s.<\/p>\n<p><a href=\"http:\/\/blog.cancaonova.com\/paisecatequistas\/files\/0202\/09\/a-cruz.jpg\"><img loading=\"lazy\" decoding=\"async\" class=\"size-full wp-image-15444 alignnone\" src=\"http:\/\/blog.cancaonova.com\/paisecatequistas\/files\/0202\/09\/a-cruz.jpg\" alt=\"\" width=\"3307\" height=\"2539\" srcset=\"https:\/\/blog.cancaonova.com\/paisecatequistas\/files\/0202\/09\/a-cruz.jpg 3307w, https:\/\/blog.cancaonova.com\/paisecatequistas\/files\/0202\/09\/a-cruz-300x230.jpg 300w, https:\/\/blog.cancaonova.com\/paisecatequistas\/files\/0202\/09\/a-cruz-768x590.jpg 768w\" sizes=\"(max-width: 3307px) 100vw, 3307px\" \/><\/a><\/p>\n<p style=\"text-align: justify\">Para voc\u00ea colorir:<\/p>\n<p style=\"text-align: justify\"><a href=\"https:\/\/blog.cancaonova.com\/paisecatequistas\/files\/2023\/09\/cruz-colorir-2.pdf\"><img loading=\"lazy\" decoding=\"async\" class=\"size-full wp-image-15445 alignnone\" src=\"http:\/\/blog.cancaonova.com\/paisecatequistas\/files\/0202\/09\/papa-1.jpg\" alt=\"\" width=\"3545\" height=\"5197\" srcset=\"https:\/\/blog.cancaonova.com\/paisecatequistas\/files\/0202\/09\/papa-1.jpg 3545w, https:\/\/blog.cancaonova.com\/paisecatequistas\/files\/0202\/09\/papa-1-205x300.jpg 205w, https:\/\/blog.cancaonova.com\/paisecatequistas\/files\/0202\/09\/papa-1-768x1126.jpg 768w\" sizes=\"(max-width: 3545px) 100vw, 3545px\" \/><\/a><\/p>\n<p><strong>Clique<\/strong> na imagem e tenha uma linda cruz para\u00a0 recortar e colocar em um lugar especial em sua casa<\/p>\n<p><a href=\"http:\/\/blog.cancaonova.com\/paisecatequistas\/files\/2023\/09\/Revista-9413.jpg\"><img loading=\"lazy\" decoding=\"async\" class=\"alignright size-full wp-image-17884\" src=\"http:\/\/blog.cancaonova.com\/paisecatequistas\/files\/2023\/09\/Revista-9413.jpg\" alt=\"\" width=\"1595\" height=\"2422\" srcset=\"https:\/\/blog.cancaonova.com\/paisecatequistas\/files\/2023\/09\/Revista-9413.jpg 1595w, https:\/\/blog.cancaonova.com\/paisecatequistas\/files\/2023\/09\/Revista-9413-198x300.jpg 198w, https:\/\/blog.cancaonova.com\/paisecatequistas\/files\/2023\/09\/Revista-9413-768x1166.jpg 768w, https:\/\/blog.cancaonova.com\/paisecatequistas\/files\/2023\/09\/Revista-9413-1012x1536.jpg 1012w, https:\/\/blog.cancaonova.com\/paisecatequistas\/files\/2023\/09\/Revista-9413-1349x2048.jpg 1349w\" sizes=\"(max-width: 1595px) 100vw, 1595px\" \/><\/a><\/p>\n","protected":false},"excerpt":{"rendered":"<p>As rel\u00edquias da Santa Cruz, descobertas pela imperatriz Santa Helena, no dia 14 de setembro de 320, foram levadas para a Bas\u00edlica do Santo Sepulcro, em Jerusal\u00e9m, no dia 14 de setembro do ano 335. A partir dessa data, temos em toda a Igreja a festa da \u201cExalta\u00e7\u00e3o da Santa Cruz\u201d. <a href=\"https:\/\/blog.cancaonova.com\/paisecatequistas\/exaltacao-da-santa-cruz\/\">Continue lendo <span class=\"meta-nav\">&rarr;<\/span><\/a><\/p>\n","protected":false},"author":4340,"featured_media":15432,"comment_status":"closed","ping_status":"closed","sticky":false,"template":"","format":"standard","meta":{"_mi_skip_tracking":false,"_monsterinsights_sitenote_active":false,"_monsterinsights_sitenote_note":"","_monsterinsights_sitenote_category":0,"footnotes":""},"categories":[16089],"tags":[15738,28116,17762],"_links":{"self":[{"href":"https:\/\/blog.cancaonova.com\/paisecatequistas\/wp-json\/wp\/v2\/posts\/5217"}],"collection":[{"href":"https:\/\/blog.cancaonova.com\/paisecatequistas\/wp-json\/wp\/v2\/posts"}],"about":[{"href":"https:\/\/blog.cancaonova.com\/paisecatequistas\/wp-json\/wp\/v2\/types\/post"}],"author":[{"embeddable":true,"href":"https:\/\/blog.cancaonova.com\/paisecatequistas\/wp-json\/wp\/v2\/users\/4340"}],"replies":[{"embeddable":true,"href":"https:\/\/blog.cancaonova.com\/paisecatequistas\/wp-json\/wp\/v2\/comments?post=5217"}],"version-history":[{"count":16,"href":"https:\/\/blog.cancaonova.com\/paisecatequistas\/wp-json\/wp\/v2\/posts\/5217\/revisions"}],"predecessor-version":[{"id":17887,"href":"https:\/\/blog.cancaonova.com\/paisecatequistas\/wp-json\/wp\/v2\/posts\/5217\/revisions\/17887"}],"wp:featuredmedia":[{"embeddable":true,"href":"https:\/\/blog.cancaonova.com\/paisecatequistas\/wp-json\/wp\/v2\/media\/15432"}],"wp:attachment":[{"href":"https:\/\/blog.cancaonova.com\/paisecatequistas\/wp-json\/wp\/v2\/media?parent=5217"}],"wp:term":[{"taxonomy":"category","embeddable":true,"href":"https:\/\/blog.cancaonova.com\/paisecatequistas\/wp-json\/wp\/v2\/categories?post=5217"},{"taxonomy":"post_tag","embeddable":true,"href":"https:\/\/blog.cancaonova.com\/paisecatequistas\/wp-json\/wp\/v2\/tags?post=5217"}],"curies":[{"name":"wp","href":"https:\/\/api.w.org\/{rel}","templated":true}]}}