{"id":5274,"date":"2013-10-01T08:00:38","date_gmt":"2013-10-01T10:00:38","guid":{"rendered":"http:\/\/blog.cancaonova.com\/paisecatequistas\/?p=5274"},"modified":"2013-09-24T10:43:19","modified_gmt":"2013-09-24T12:43:19","slug":"novena-das-rosas","status":"publish","type":"post","link":"https:\/\/blog.cancaonova.com\/paisecatequistas\/novena-das-rosas\/","title":{"rendered":"Novena das Rosas"},"content":{"rendered":"<p>\u00a0<\/p>\n<p><strong>Santa Terezinha rogai por n\u00f3s<\/strong>!<\/p>\n<p><a href=\"http:\/\/blog.cancaonova.com\/paisecatequistas\/files\/2012\/09\/santateresinha0011.png\"><img loading=\"lazy\" decoding=\"async\" class=\"aligncenter size-medium wp-image-5275\" src=\"http:\/\/blog.cancaonova.com\/paisecatequistas\/files\/2012\/09\/santateresinha0011-237x300.png\" alt=\"\" width=\"237\" height=\"300\" srcset=\"https:\/\/blog.cancaonova.com\/paisecatequistas\/files\/2012\/09\/santateresinha0011-237x300.png 237w, https:\/\/blog.cancaonova.com\/paisecatequistas\/files\/2012\/09\/santateresinha0011.png 350w\" sizes=\"(max-width: 237px) 100vw, 237px\" \/><\/a><\/p>\n<p>01 de Outubro,\u00a0 dia dedicado a\u00a0\u00a0Santa Terezinha. Doutora da Igreja e Padroeira das Miss\u00f5es.<\/p>\n<p>Para conhecer melhor essa santinha acesse os links abaixo, tia Adelita conta as crian\u00e7as essa linda hist\u00f3ria.<\/p>\n<p>\u00a0<a href=\"http:\/\/www.youtube.com\/watch?v=AMZS9Kp6Alc\">http:\/\/www.youtube.com\/watch?v=AMZS9Kp6Alc<\/a><\/p>\n<p><a href=\"http:\/\/www.youtube.com\/watch?v=xIJCtutD6ME\">http:\/\/www.youtube.com\/watch?v=xIJCtutD6ME<\/a><\/p>\n<p><a href=\"http:\/\/www.youtube.com\/watch?v=We_3bP2rZIo\">http:\/\/www.youtube.com\/watch?v=We_3bP2rZIo<\/a><\/p>\n<p><a href=\"http:\/\/www.youtube.com\/watch?v=hENMMlHeZXA\">http:\/\/www.youtube.com\/watch?v=hENMMlHeZXA<\/a><\/p>\n<p>Voc\u00ea gostou? Partilhe com a gente.<\/p>\n<p>Agora vamos aprender a rezar a Novena das Rosas.<\/p>\n<p><a href=\"http:\/\/blog.cancaonova.com\/amigosdoceu\/2012\/08\/23\/novena-das-rosas\/\">http:\/\/blog.cancaonova.com\/amigosdoceu\/2012\/08\/23\/novena-das-rosas\/<\/a><\/p>\n<p>Para colorir.<\/p>\n<p><a href=\"http:\/\/blog.cancaonova.com\/paisecatequistas\/files\/2012\/09\/santa-teresinha-menina-com-seu-pai-31.jpg\"><img loading=\"lazy\" decoding=\"async\" class=\"aligncenter size-medium wp-image-5276\" src=\"http:\/\/blog.cancaonova.com\/paisecatequistas\/files\/2012\/09\/santa-teresinha-menina-com-seu-pai-31-254x300.jpg\" alt=\"\" width=\"254\" height=\"300\" srcset=\"https:\/\/blog.cancaonova.com\/paisecatequistas\/files\/2012\/09\/santa-teresinha-menina-com-seu-pai-31-254x300.jpg 254w, https:\/\/blog.cancaonova.com\/paisecatequistas\/files\/2012\/09\/santa-teresinha-menina-com-seu-pai-31.jpg 620w\" sizes=\"(max-width: 254px) 100vw, 254px\" \/><\/a><\/p>\n<p>Deus aben\u00e7oe.<\/p>\n","protected":false},"excerpt":{"rendered":"<p>\u00a0 Santa Terezinha rogai por n\u00f3s! 01 de Outubro,\u00a0 dia dedicado a\u00a0\u00a0Santa Terezinha. Doutora da Igreja e Padroeira das Miss\u00f5es. Para conhecer melhor essa santinha acesse os links abaixo, tia Adelita conta as crian\u00e7as essa linda hist\u00f3ria. \u00a0http:\/\/www.youtube.com\/watch?v=AMZS9Kp6Alc http:\/\/www.youtube.com\/watch?v=xIJCtutD6ME http:\/\/www.youtube.com\/watch?v=We_3bP2rZIo&#8230;<\/p>\n","protected":false},"author":4340,"featured_media":0,"comment_status":"open","ping_status":"open","sticky":false,"template":"","format":"standard","meta":{"_mi_skip_tracking":false,"_monsterinsights_sitenote_active":false,"_monsterinsights_sitenote_note":"","_monsterinsights_sitenote_category":0,"footnotes":""},"categories":[23],"tags":[],"_links":{"self":[{"href":"https:\/\/blog.cancaonova.com\/paisecatequistas\/wp-json\/wp\/v2\/posts\/5274"}],"collection":[{"href":"https:\/\/blog.cancaonova.com\/paisecatequistas\/wp-json\/wp\/v2\/posts"}],"about":[{"href":"https:\/\/blog.cancaonova.com\/paisecatequistas\/wp-json\/wp\/v2\/types\/post"}],"author":[{"embeddable":true,"href":"https:\/\/blog.cancaonova.com\/paisecatequistas\/wp-json\/wp\/v2\/users\/4340"}],"replies":[{"embeddable":true,"href":"https:\/\/blog.cancaonova.com\/paisecatequistas\/wp-json\/wp\/v2\/comments?post=5274"}],"version-history":[{"count":9,"href":"https:\/\/blog.cancaonova.com\/paisecatequistas\/wp-json\/wp\/v2\/posts\/5274\/revisions"}],"predecessor-version":[{"id":6385,"href":"https:\/\/blog.cancaonova.com\/paisecatequistas\/wp-json\/wp\/v2\/posts\/5274\/revisions\/6385"}],"wp:attachment":[{"href":"https:\/\/blog.cancaonova.com\/paisecatequistas\/wp-json\/wp\/v2\/media?parent=5274"}],"wp:term":[{"taxonomy":"category","embeddable":true,"href":"https:\/\/blog.cancaonova.com\/paisecatequistas\/wp-json\/wp\/v2\/categories?post=5274"},{"taxonomy":"post_tag","embeddable":true,"href":"https:\/\/blog.cancaonova.com\/paisecatequistas\/wp-json\/wp\/v2\/tags?post=5274"}],"curies":[{"name":"wp","href":"https:\/\/api.w.org\/{rel}","templated":true}]}}