{"id":5345,"date":"2023-06-11T00:00:53","date_gmt":"2023-06-11T02:00:53","guid":{"rendered":"http:\/\/blog.cancaonova.com\/paisecatequistas\/?p=5345"},"modified":"2023-06-07T11:45:37","modified_gmt":"2023-06-07T13:45:37","slug":"a-oferta-da-viuva","status":"publish","type":"post","link":"https:\/\/blog.cancaonova.com\/paisecatequistas\/a-oferta-da-viuva\/","title":{"rendered":"A oferta da vi\u00fava"},"content":{"rendered":"<p><strong>Evangelho &#8211; Mc 12,38-44 <\/strong><\/p>\n<p>Neste Evangelho, Jesus quer nos ensinar a n\u00e3o sermos apegados aos bens materiais, aquela pobre vi\u00fava ofereceu tudo que ela tinha, duas pequenas moedinhas. Ao passo que os outros doaram o que tinham de sobra.<\/p>\n<p><a href=\"https:\/\/blog.cancaonova.com\/paisecatequistas\/files\/2023\/06\/oferta-da-viuva-compactado.pdf\"><img loading=\"lazy\" decoding=\"async\" class=\"wp-image-14161 alignnone\" src=\"http:\/\/blog.cancaonova.com\/paisecatequistas\/files\/2014\/11\/pg-21-okay.jpg\" alt=\"\" width=\"623\" height=\"914\" srcset=\"https:\/\/blog.cancaonova.com\/paisecatequistas\/files\/2014\/11\/pg-21-okay.jpg 3545w, https:\/\/blog.cancaonova.com\/paisecatequistas\/files\/2014\/11\/pg-21-okay-205x300.jpg 205w, https:\/\/blog.cancaonova.com\/paisecatequistas\/files\/2014\/11\/pg-21-okay-768x1126.jpg 768w\" sizes=\"(max-width: 623px) 100vw, 623px\" \/><\/a><\/p>\n<p>Jesus elogia aquela mulher, pois ela ofereceu tudo que tinha para viver. Quando vivemos a gratuidade, a bondade, a partilha estamos vivendo o que Jesus ensinou. Amar com gestos concretos.<\/p>\n<p>Com certeza aquela pobre vi\u00fava recebeu em dobro o que ofereceu&#8230;<\/p>\n<p><strong>Gesto concreto:\u00a0<\/strong>Nessa semana vamos fazer uma experi\u00eancia: Escolha entre seus pertences alguma coisa que voc\u00ea goste muito e d\u00ea em forma de presente a uma outra pessoa. Mas preste aten\u00e7\u00e3o voc\u00ea n\u00e3o vai tirar dos seus pertences coisas que voc\u00ea n\u00e3o usa mais, e sim aquilo que voc\u00ea mais gosta, esse \u00e9 o desafio.<\/p>\n<p>Depois partilhe conosco como foi essa sua experi\u00eancia, o que voc\u00ea aprendeu com ela?<\/p>\n<p>Deus aben\u00e7oe.<\/p>\n<p>Vamos colorir<\/p>\n<p>&nbsp;<\/p>\n<p>&nbsp;<\/p>\n","protected":false},"excerpt":{"rendered":"<p>Evangelho &#8211; Mc 12,38-44 Neste Evangelho, Jesus quer nos ensinar a n\u00e3o sermos apegados aos bens materiais, aquela pobre vi\u00fava ofereceu tudo que ela tinha, duas pequenas moedinhas. Ao passo que os outros doaram o que tinham de sobra. Jesus&#8230;<\/p>\n","protected":false},"author":4340,"featured_media":14164,"comment_status":"open","ping_status":"open","sticky":false,"template":"","format":"standard","meta":{"_mi_skip_tracking":false,"_monsterinsights_sitenote_active":false,"_monsterinsights_sitenote_note":"","_monsterinsights_sitenote_category":0,"footnotes":""},"categories":[34,17601],"tags":[18160,5011,16619,991,15521,26984,8001,6851,221,16486,21414,22256,19413,6751,29884],"_links":{"self":[{"href":"https:\/\/blog.cancaonova.com\/paisecatequistas\/wp-json\/wp\/v2\/posts\/5345"}],"collection":[{"href":"https:\/\/blog.cancaonova.com\/paisecatequistas\/wp-json\/wp\/v2\/posts"}],"about":[{"href":"https:\/\/blog.cancaonova.com\/paisecatequistas\/wp-json\/wp\/v2\/types\/post"}],"author":[{"embeddable":true,"href":"https:\/\/blog.cancaonova.com\/paisecatequistas\/wp-json\/wp\/v2\/users\/4340"}],"replies":[{"embeddable":true,"href":"https:\/\/blog.cancaonova.com\/paisecatequistas\/wp-json\/wp\/v2\/comments?post=5345"}],"version-history":[{"count":8,"href":"https:\/\/blog.cancaonova.com\/paisecatequistas\/wp-json\/wp\/v2\/posts\/5345\/revisions"}],"predecessor-version":[{"id":14163,"href":"https:\/\/blog.cancaonova.com\/paisecatequistas\/wp-json\/wp\/v2\/posts\/5345\/revisions\/14163"}],"wp:featuredmedia":[{"embeddable":true,"href":"https:\/\/blog.cancaonova.com\/paisecatequistas\/wp-json\/wp\/v2\/media\/14164"}],"wp:attachment":[{"href":"https:\/\/blog.cancaonova.com\/paisecatequistas\/wp-json\/wp\/v2\/media?parent=5345"}],"wp:term":[{"taxonomy":"category","embeddable":true,"href":"https:\/\/blog.cancaonova.com\/paisecatequistas\/wp-json\/wp\/v2\/categories?post=5345"},{"taxonomy":"post_tag","embeddable":true,"href":"https:\/\/blog.cancaonova.com\/paisecatequistas\/wp-json\/wp\/v2\/tags?post=5345"}],"curies":[{"name":"wp","href":"https:\/\/api.w.org\/{rel}","templated":true}]}}