{"id":5351,"date":"2014-11-17T09:00:43","date_gmt":"2014-11-17T11:00:43","guid":{"rendered":"http:\/\/blog.cancaonova.com\/paisecatequistas\/?p=5351"},"modified":"2014-11-10T08:42:38","modified_gmt":"2014-11-10T10:42:38","slug":"os-eleitos-do-senhor","status":"publish","type":"post","link":"https:\/\/blog.cancaonova.com\/paisecatequistas\/os-eleitos-do-senhor\/","title":{"rendered":"Os eleitos do Senhor"},"content":{"rendered":"<p style=\"text-align: justify\">A vinda do Filho do Homem.<\/p>\n<p style=\"text-align: justify\">Evangelho &#8211; Marcos 13,24-32<\/p>\n<p style=\"text-align: justify\">&#8220;Ora quanto \u00e1quele dia ou hora, ningu\u00e9m tem conhecimento, nem os anjos do c\u00e9u, nem mesmo o Filho. S\u00f3 o Pai.&#8221; (Mc 13,32)<\/p>\n<p style=\"text-align: justify\">Nesse Evangelho, Jesus nos d\u00e1 um alerta: O dia do Senhor esta pr\u00f3ximo. Como a pr\u00f3pria Palavra de Deus nos orienta, n\u00e3o sabemos o dia, a hora em que isso vai acontecer, somente o Pai do C\u00e9u.<\/p>\n<p style=\"text-align: justify\">Mas devemos estar preparados, com o nosso cora\u00e7\u00e3o sintonizado\u00a0ao cora\u00e7\u00e3o de Jesus. E isso quer dizer, vivendo os mandamentos de Deus, buscando ser amigo de Deus. Nos\u00a0aplicar em conhecer a Palavra de Deus, grava-la em nosso cora\u00e7\u00e3o e viv\u00ea-la<\/p>\n<p style=\"text-align: justify\">E n\u00e3o tenhamos receio, pois o que Deus nos promete \u00e9 um C\u00e9us Novos e uma Terra Nova.<\/p>\n<p style=\"text-align: justify\">Esta Renova\u00e7\u00e3o misteriosa, que h\u00e1 de transformar a humanidade e o mundo, a Sagrada Escritura a chama de c\u00e9us novos e terra nova\u201d 2 Pd 3,13 (Catecismo da Igreja Cat\u00f3lica, 1043)<\/p>\n<p style=\"text-align: justify\">\u201cVi ent\u00e3o um c\u00e9u novo e uma nova terra, porque o primeiro c\u00e9u e a primeira terra desapareceram e o mar j\u00e1 n\u00e3o existe. E a cidade santa, a nova Jerusal\u00e9m, eu vi descendo do c\u00e9u, de junto de Deus, preparada como uma esposa que se enfeitou para o esposo\u201d Ap 21, 1-2<\/p>\n<p style=\"text-align: justify\">Se eu n\u00e3o tenho perspectiva do mundo que h\u00e1 de vir, da parusia, do apocalipse, de uma terra nova, de uma vida nova, nunca vou vou ser movido para a convers\u00e3o!<\/p>\n<p style=\"text-align: justify\">Extra\u00eddo do livro \u201cC\u00e9us Novos e uma Terra Nova\u201d \u2013 Padre Jonas Abib<\/p>\n<p style=\"text-align: justify\">Para que voc\u00ea possa se aprofundar nesse tema sugerimos ler o Livro: C\u00e9us Novos e uma Terra Nova &#8211; Monsenhor Jonas Abib<\/p>\n<p><a href=\"http:\/\/blog.cancaonova.com\/paisecatequistas\/files\/2012\/09\/01.001121.jpg\"><img loading=\"lazy\" decoding=\"async\" class=\"aligncenter size-medium wp-image-5352\" src=\"http:\/\/blog.cancaonova.com\/paisecatequistas\/files\/2012\/09\/01.001121-300x300.jpg\" alt=\"\" width=\"300\" height=\"300\" srcset=\"https:\/\/blog.cancaonova.com\/paisecatequistas\/files\/2012\/09\/01.001121-300x300.jpg 300w, https:\/\/blog.cancaonova.com\/paisecatequistas\/files\/2012\/09\/01.001121-150x150.jpg 150w, https:\/\/blog.cancaonova.com\/paisecatequistas\/files\/2012\/09\/01.001121.jpg 500w\" sizes=\"(max-width: 300px) 100vw, 300px\" \/><\/a><\/p>\n<p>Como preparar as crian\u00e7as para a volta de Jesus?<\/p>\n<p>Leva-las a uma experi\u00eancia com Jesus. N\u00e3o messa esfor\u00e7os para catequisar. Reze busque em Deus as inspira\u00e7\u00f5es para preparar suas aulas de catequese. E \u00a0partilhe conosco seus desafios para evangelizar.<\/p>\n<p>Deus aben\u00e7oe o seu minist\u00e9rio, estamos unidos em ora\u00e7\u00e3o pela sua miss\u00e3o.<\/p>\n","protected":false},"excerpt":{"rendered":"<p>A vinda do Filho do Homem. Evangelho &#8211; Marcos 13,24-32 &#8220;Ora quanto \u00e1quele dia ou hora, ningu\u00e9m tem conhecimento, nem os anjos do c\u00e9u, nem mesmo o Filho. S\u00f3 o Pai.&#8221; (Mc 13,32) Nesse Evangelho, Jesus nos d\u00e1 um alerta:&#8230;<\/p>\n","protected":false},"author":4340,"featured_media":0,"comment_status":"open","ping_status":"open","sticky":false,"template":"","format":"standard","meta":{"_mi_skip_tracking":false,"_monsterinsights_sitenote_active":false,"_monsterinsights_sitenote_note":"","_monsterinsights_sitenote_category":0,"footnotes":""},"categories":[17601],"tags":[16445,15975,16959],"_links":{"self":[{"href":"https:\/\/blog.cancaonova.com\/paisecatequistas\/wp-json\/wp\/v2\/posts\/5351"}],"collection":[{"href":"https:\/\/blog.cancaonova.com\/paisecatequistas\/wp-json\/wp\/v2\/posts"}],"about":[{"href":"https:\/\/blog.cancaonova.com\/paisecatequistas\/wp-json\/wp\/v2\/types\/post"}],"author":[{"embeddable":true,"href":"https:\/\/blog.cancaonova.com\/paisecatequistas\/wp-json\/wp\/v2\/users\/4340"}],"replies":[{"embeddable":true,"href":"https:\/\/blog.cancaonova.com\/paisecatequistas\/wp-json\/wp\/v2\/comments?post=5351"}],"version-history":[{"count":9,"href":"https:\/\/blog.cancaonova.com\/paisecatequistas\/wp-json\/wp\/v2\/posts\/5351\/revisions"}],"predecessor-version":[{"id":5501,"href":"https:\/\/blog.cancaonova.com\/paisecatequistas\/wp-json\/wp\/v2\/posts\/5351\/revisions\/5501"}],"wp:attachment":[{"href":"https:\/\/blog.cancaonova.com\/paisecatequistas\/wp-json\/wp\/v2\/media?parent=5351"}],"wp:term":[{"taxonomy":"category","embeddable":true,"href":"https:\/\/blog.cancaonova.com\/paisecatequistas\/wp-json\/wp\/v2\/categories?post=5351"},{"taxonomy":"post_tag","embeddable":true,"href":"https:\/\/blog.cancaonova.com\/paisecatequistas\/wp-json\/wp\/v2\/tags?post=5351"}],"curies":[{"name":"wp","href":"https:\/\/api.w.org\/{rel}","templated":true}]}}