{"id":5369,"date":"2014-11-12T09:00:43","date_gmt":"2014-11-12T11:00:43","guid":{"rendered":"http:\/\/blog.cancaonova.com\/paisecatequistas\/?p=5369"},"modified":"2014-11-10T08:40:26","modified_gmt":"2014-11-10T10:40:26","slug":"o-dia-do-senhor","status":"publish","type":"post","link":"https:\/\/blog.cancaonova.com\/paisecatequistas\/o-dia-do-senhor\/","title":{"rendered":"O dia do Senhor"},"content":{"rendered":"<p>Evangelho &#8211; Lc 21,25-36<\/p>\n<p><a href=\"http:\/\/blog.cancaonova.com\/paisecatequistas\/files\/2012\/11\/jesusubindo.jpg\"><img loading=\"lazy\" decoding=\"async\" class=\"aligncenter size-medium wp-image-5372\" src=\"http:\/\/blog.cancaonova.com\/paisecatequistas\/files\/2012\/11\/jesusubindo-300x225.jpg\" alt=\"\" width=\"300\" height=\"225\" srcset=\"https:\/\/blog.cancaonova.com\/paisecatequistas\/files\/2012\/11\/jesusubindo-300x225.jpg 300w, https:\/\/blog.cancaonova.com\/paisecatequistas\/files\/2012\/11\/jesusubindo.jpg 1024w\" sizes=\"(max-width: 300px) 100vw, 300px\" \/><\/a><\/p>\n<p>Ent\u00e3o eles ver\u00e3o o Filho do Homem,<br \/>\nvindo numa nuvem com grande poder e gl\u00f3ria. (Lc 21, 27)<\/p>\n<p>Portanto, ficai atentos e orai a todo momento, a fim de terdes for\u00e7a para escapar de tudo o que deve acontecer e para ficardes em p\u00e9 diante do Filho do Homem. (Lc 21,36)<\/p>\n<p>Essa \u00e9 a orienta\u00e7\u00e3o de Jesus para n\u00f3s que somos crist\u00e3os. Ficar &#8220;atentos&#8221;, \u00e9 estar de sentinela, de prontid\u00e3o.<\/p>\n<p>&#8220;Orai em todo momento&#8221;.\u00a0 Que a sua vida seja ora\u00e7\u00e3o, que em todas as coisas voc\u00ea pe\u00e7a a luz do Espirito Santo de Deus para te\u00a0conduzir.<\/p>\n<p>Os mandamentos, os sacramentos, a palavra de Deus,\u00a0s\u00e3o meios\u00a0que Deus nos d\u00e1 para estarmos preparados.<\/p>\n<p>Quais s\u00e3o as coisas que tem ocupado seu cora\u00e7\u00e3o? Elas est\u00e3o te apontando para Deus? Se n\u00e3o, tenha a coragem de romper com as coisas que te distraem e te afastam de Deus.<\/p>\n<p>Que neste dia,\u00a0em seu cora\u00e7\u00e3o reacenda a chama do amor de Deus.<\/p>\n<p>Deus aben\u00e7oe voc\u00ea.<\/p>\n<p>Vamos colorir.<\/p>\n","protected":false},"excerpt":{"rendered":"<p>Evangelho &#8211; Lc 21,25-36 Ent\u00e3o eles ver\u00e3o o Filho do Homem, vindo numa nuvem com grande poder e gl\u00f3ria. (Lc 21, 27) Portanto, ficai atentos e orai a todo momento, a fim de terdes for\u00e7a para escapar de tudo o&#8230;<\/p>\n","protected":false},"author":4340,"featured_media":0,"comment_status":"open","ping_status":"open","sticky":false,"template":"","format":"standard","meta":{"_mi_skip_tracking":false,"_monsterinsights_sitenote_active":false,"_monsterinsights_sitenote_note":"","_monsterinsights_sitenote_category":0,"footnotes":""},"categories":[17601],"tags":[35916,19160,133290],"_links":{"self":[{"href":"https:\/\/blog.cancaonova.com\/paisecatequistas\/wp-json\/wp\/v2\/posts\/5369"}],"collection":[{"href":"https:\/\/blog.cancaonova.com\/paisecatequistas\/wp-json\/wp\/v2\/posts"}],"about":[{"href":"https:\/\/blog.cancaonova.com\/paisecatequistas\/wp-json\/wp\/v2\/types\/post"}],"author":[{"embeddable":true,"href":"https:\/\/blog.cancaonova.com\/paisecatequistas\/wp-json\/wp\/v2\/users\/4340"}],"replies":[{"embeddable":true,"href":"https:\/\/blog.cancaonova.com\/paisecatequistas\/wp-json\/wp\/v2\/comments?post=5369"}],"version-history":[{"count":4,"href":"https:\/\/blog.cancaonova.com\/paisecatequistas\/wp-json\/wp\/v2\/posts\/5369\/revisions"}],"predecessor-version":[{"id":5374,"href":"https:\/\/blog.cancaonova.com\/paisecatequistas\/wp-json\/wp\/v2\/posts\/5369\/revisions\/5374"}],"wp:attachment":[{"href":"https:\/\/blog.cancaonova.com\/paisecatequistas\/wp-json\/wp\/v2\/media?parent=5369"}],"wp:term":[{"taxonomy":"category","embeddable":true,"href":"https:\/\/blog.cancaonova.com\/paisecatequistas\/wp-json\/wp\/v2\/categories?post=5369"},{"taxonomy":"post_tag","embeddable":true,"href":"https:\/\/blog.cancaonova.com\/paisecatequistas\/wp-json\/wp\/v2\/tags?post=5369"}],"curies":[{"name":"wp","href":"https:\/\/api.w.org\/{rel}","templated":true}]}}