{"id":5379,"date":"2016-09-15T08:00:38","date_gmt":"2016-09-15T10:00:38","guid":{"rendered":"http:\/\/blog.cancaonova.com\/paisecatequistas\/?p=5379"},"modified":"2016-08-31T10:08:58","modified_gmt":"2016-08-31T12:08:58","slug":"virgem-das-dores","status":"publish","type":"post","link":"https:\/\/blog.cancaonova.com\/paisecatequistas\/virgem-das-dores\/","title":{"rendered":"Virgem das Dores"},"content":{"rendered":"<p>Rogai por n\u00f3s! <a href=\"http:\/\/blog.cancaonova.com\/paisecatequistas\/files\/2012\/09\/untitled.jpg\"><img loading=\"lazy\" decoding=\"async\" class=\"aligncenter size-medium wp-image-5380\" src=\"http:\/\/blog.cancaonova.com\/paisecatequistas\/files\/2012\/09\/untitled-287x300.jpg\" alt=\"\" width=\"287\" height=\"300\" srcset=\"https:\/\/blog.cancaonova.com\/paisecatequistas\/files\/2012\/09\/untitled-287x300.jpg 287w, https:\/\/blog.cancaonova.com\/paisecatequistas\/files\/2012\/09\/untitled-980x1024.jpg 980w, https:\/\/blog.cancaonova.com\/paisecatequistas\/files\/2012\/09\/untitled.jpg 1218w\" sizes=\"(max-width: 287px) 100vw, 287px\" \/><\/a><\/p>\n<p style=\"text-align: justify\">&#8220;Quero ficar junto \u00e0 Cruz, velar contigo a Jesus e o teu pranto enxugar!&#8221;<\/p>\n<p style=\"text-align: justify\">Assim, a Igreja reza a Maria neste dia, pois celebramos sua compaix\u00e3o, piedade; suas sete dores cujo ponto mais alto se deu no momento da crucifix\u00e3o de Jesus.<br \/>\nEsta devo\u00e7\u00e3o deve-se muito \u00e0 miss\u00e3o dos Servitas \u2013 religiosos da Companhia de Maria Dolorosa \u2013 e sua entrada na Liturgia aconteceu pelo Papa Bento XIII.<\/p>\n<p style=\"text-align: justify\">A devo\u00e7\u00e3o a Nossa Senhora das Dores possui fundamentos b\u00edblicos, pois \u00e9 na Palavra de Deus que encontramos as sete dores de Maria: o velho Sime\u00e3o, que profetiza a lan\u00e7a que transpassaria (de dor) o seu Cora\u00e7\u00e3o Imaculado; a fuga para o Egito; a perda do Menino Jesus; a Paix\u00e3o do Senhor; crucifix\u00e3o, morte e sepultura de Jesus Cristo.<\/p>\n<p style=\"text-align: justify\">N\u00f3s, como Igreja, n\u00e3o recordamos as dores de Nossa Senhora somente pelo sofrimento em si, mas sim, porque tamb\u00e9m, pelas dores oferecidas, a Sant\u00edssima Virgem participou ativamente da Reden\u00e7\u00e3o de Cristo. Desta forma, Maria, imagem da Igreja, est\u00e1 nos apontando para uma Nova Vida, que n\u00e3o significa aus\u00eancia de sofrimentos, mas sim, obla\u00e7\u00e3o de si para uma civiliza\u00e7\u00e3o do Amor.<\/p>\n<p>Nossa Senhora das Dores, rogai por n\u00f3s!<\/p>\n<p style=\"text-align: justify\">Texto: Santo do dia &#8211; Can\u00e7\u00e3o Nova<\/p>\n<p style=\"text-align: justify\">Para colorir.<\/p>\n<p style=\"text-align: justify\"><a href=\"http:\/\/blog.cancaonova.com\/paisecatequistas\/files\/2012\/09\/N.S1.jpg\"><img loading=\"lazy\" decoding=\"async\" class=\"aligncenter size-medium wp-image-5381\" src=\"http:\/\/blog.cancaonova.com\/paisecatequistas\/files\/2012\/09\/N.S1-207x300.jpg\" alt=\"\" width=\"207\" height=\"300\" srcset=\"https:\/\/blog.cancaonova.com\/paisecatequistas\/files\/2012\/09\/N.S1-207x300.jpg 207w, https:\/\/blog.cancaonova.com\/paisecatequistas\/files\/2012\/09\/N.S1.jpg 443w\" sizes=\"(max-width: 207px) 100vw, 207px\" \/><\/a><\/p>\n","protected":false},"excerpt":{"rendered":"<p>Rogai por n\u00f3s! &#8220;Quero ficar junto \u00e0 Cruz, velar contigo a Jesus e o teu pranto enxugar!&#8221; Assim, a Igreja reza a Maria neste dia, pois celebramos sua compaix\u00e3o, piedade; suas sete dores cujo ponto mais alto se deu no&#8230;<\/p>\n","protected":false},"author":4340,"featured_media":0,"comment_status":"open","ping_status":"open","sticky":false,"template":"","format":"standard","meta":{"_mi_skip_tracking":false,"_monsterinsights_sitenote_active":false,"_monsterinsights_sitenote_note":"","_monsterinsights_sitenote_category":0,"footnotes":""},"categories":[16089],"tags":[15738,133292,71],"_links":{"self":[{"href":"https:\/\/blog.cancaonova.com\/paisecatequistas\/wp-json\/wp\/v2\/posts\/5379"}],"collection":[{"href":"https:\/\/blog.cancaonova.com\/paisecatequistas\/wp-json\/wp\/v2\/posts"}],"about":[{"href":"https:\/\/blog.cancaonova.com\/paisecatequistas\/wp-json\/wp\/v2\/types\/post"}],"author":[{"embeddable":true,"href":"https:\/\/blog.cancaonova.com\/paisecatequistas\/wp-json\/wp\/v2\/users\/4340"}],"replies":[{"embeddable":true,"href":"https:\/\/blog.cancaonova.com\/paisecatequistas\/wp-json\/wp\/v2\/comments?post=5379"}],"version-history":[{"count":4,"href":"https:\/\/blog.cancaonova.com\/paisecatequistas\/wp-json\/wp\/v2\/posts\/5379\/revisions"}],"predecessor-version":[{"id":6986,"href":"https:\/\/blog.cancaonova.com\/paisecatequistas\/wp-json\/wp\/v2\/posts\/5379\/revisions\/6986"}],"wp:attachment":[{"href":"https:\/\/blog.cancaonova.com\/paisecatequistas\/wp-json\/wp\/v2\/media?parent=5379"}],"wp:term":[{"taxonomy":"category","embeddable":true,"href":"https:\/\/blog.cancaonova.com\/paisecatequistas\/wp-json\/wp\/v2\/categories?post=5379"},{"taxonomy":"post_tag","embeddable":true,"href":"https:\/\/blog.cancaonova.com\/paisecatequistas\/wp-json\/wp\/v2\/tags?post=5379"}],"curies":[{"name":"wp","href":"https:\/\/api.w.org\/{rel}","templated":true}]}}