{"id":5396,"date":"2014-09-04T08:00:05","date_gmt":"2014-09-04T10:00:05","guid":{"rendered":"http:\/\/blog.cancaonova.com\/paisecatequistas\/?p=5396"},"modified":"2014-09-01T09:54:15","modified_gmt":"2014-09-01T11:54:15","slug":"um-livro-especial","status":"publish","type":"post","link":"https:\/\/blog.cancaonova.com\/paisecatequistas\/um-livro-especial\/","title":{"rendered":"Um Livro especial"},"content":{"rendered":"<p><strong>A Sagrada Escritura<\/strong>!<\/p>\n<p><a href=\"http:\/\/blog.cancaonova.com\/paisecatequistas\/files\/2012\/09\/304671_10151035197089632_1013276644_n1.jpg\"><img loading=\"lazy\" decoding=\"async\" class=\"aligncenter size-medium wp-image-5397\" src=\"http:\/\/blog.cancaonova.com\/paisecatequistas\/files\/2012\/09\/304671_10151035197089632_1013276644_n1-300x225.jpg\" alt=\"\" width=\"300\" height=\"225\" srcset=\"https:\/\/blog.cancaonova.com\/paisecatequistas\/files\/2012\/09\/304671_10151035197089632_1013276644_n1-300x225.jpg 300w, https:\/\/blog.cancaonova.com\/paisecatequistas\/files\/2012\/09\/304671_10151035197089632_1013276644_n1.jpg 320w\" sizes=\"(max-width: 300px) 100vw, 300px\" \/><\/a><\/p>\n<p>Qual \u00e9 a passagem biblica que tem orientado sua vida hoje? Partilhe conosco.<\/p>\n<p>Deus aben\u00e7oe voc\u00ea.<\/p>\n","protected":false},"excerpt":{"rendered":"<p>A Sagrada Escritura! Qual \u00e9 a passagem biblica que tem orientado sua vida hoje? Partilhe conosco. Deus aben\u00e7oe voc\u00ea.<\/p>\n","protected":false},"author":4340,"featured_media":0,"comment_status":"open","ping_status":"open","sticky":false,"template":"","format":"standard","meta":{"_mi_skip_tracking":false,"_monsterinsights_sitenote_active":false,"_monsterinsights_sitenote_note":"","_monsterinsights_sitenote_category":0,"footnotes":""},"categories":[23],"tags":[34,5831,19175],"_links":{"self":[{"href":"https:\/\/blog.cancaonova.com\/paisecatequistas\/wp-json\/wp\/v2\/posts\/5396"}],"collection":[{"href":"https:\/\/blog.cancaonova.com\/paisecatequistas\/wp-json\/wp\/v2\/posts"}],"about":[{"href":"https:\/\/blog.cancaonova.com\/paisecatequistas\/wp-json\/wp\/v2\/types\/post"}],"author":[{"embeddable":true,"href":"https:\/\/blog.cancaonova.com\/paisecatequistas\/wp-json\/wp\/v2\/users\/4340"}],"replies":[{"embeddable":true,"href":"https:\/\/blog.cancaonova.com\/paisecatequistas\/wp-json\/wp\/v2\/comments?post=5396"}],"version-history":[{"count":5,"href":"https:\/\/blog.cancaonova.com\/paisecatequistas\/wp-json\/wp\/v2\/posts\/5396\/revisions"}],"predecessor-version":[{"id":6384,"href":"https:\/\/blog.cancaonova.com\/paisecatequistas\/wp-json\/wp\/v2\/posts\/5396\/revisions\/6384"}],"wp:attachment":[{"href":"https:\/\/blog.cancaonova.com\/paisecatequistas\/wp-json\/wp\/v2\/media?parent=5396"}],"wp:term":[{"taxonomy":"category","embeddable":true,"href":"https:\/\/blog.cancaonova.com\/paisecatequistas\/wp-json\/wp\/v2\/categories?post=5396"},{"taxonomy":"post_tag","embeddable":true,"href":"https:\/\/blog.cancaonova.com\/paisecatequistas\/wp-json\/wp\/v2\/tags?post=5396"}],"curies":[{"name":"wp","href":"https:\/\/api.w.org\/{rel}","templated":true}]}}