{"id":5427,"date":"2014-11-04T08:00:21","date_gmt":"2014-11-04T10:00:21","guid":{"rendered":"http:\/\/blog.cancaonova.com\/paisecatequistas\/?p=5427"},"modified":"2014-10-28T11:22:56","modified_gmt":"2014-10-28T13:22:56","slug":"advento-tempo-de-esperar","status":"publish","type":"post","link":"https:\/\/blog.cancaonova.com\/paisecatequistas\/advento-tempo-de-esperar\/","title":{"rendered":"Advento, tempo de esperar..."},"content":{"rendered":"<p>Calend\u00e1rio Liturgico<\/p>\n<p><a href=\"http:\/\/blog.cancaonova.com\/paisecatequistas\/files\/2012\/10\/01_00857.jpg\"><img loading=\"lazy\" decoding=\"async\" class=\"aligncenter size-medium wp-image-5428\" src=\"http:\/\/blog.cancaonova.com\/paisecatequistas\/files\/2012\/10\/01_00857-300x300.jpg\" alt=\"\" width=\"300\" height=\"300\" srcset=\"https:\/\/blog.cancaonova.com\/paisecatequistas\/files\/2012\/10\/01_00857-300x300.jpg 300w, https:\/\/blog.cancaonova.com\/paisecatequistas\/files\/2012\/10\/01_00857-150x150.jpg 150w, https:\/\/blog.cancaonova.com\/paisecatequistas\/files\/2012\/10\/01_00857.jpg 500w\" sizes=\"(max-width: 300px) 100vw, 300px\" \/><\/a><\/p>\n<p>Para viver melhor com a Igreja cada tempo Liturgico \u00e9 preciso conhecer o significado de cada um deles.<\/p>\n<p>Para voc\u00ea se aprofundar no tema sugerimos esse Livro: Para entender e celebrar a Liturgia. Professor Felipe Aquino.<\/p>\n<div>\n<p>Atrav\u00e9s da Liturgia Cristo continua a obra de nossa salva\u00e7\u00e3o. Sua &#8220;efic\u00e1cia, no mesmo t\u00edtulo e grau, n\u00e3o \u00e9 igualada por nenhuma outra a\u00e7\u00e3o da Igreja&#8221; (SC,7).<\/p>\n<p style=\"text-align: justify\">Diz a Sacrosantum Concilium, que por ela, o pr\u00f3prio Cristo exerce o Seu m\u00fanus sacerdotal para a nossa salva\u00e7\u00e3o. Assim, a celebra\u00e7\u00e3o lit\u00fargica, como obra de Cristo Sacerdote e de seu corpo que \u00e9 a Igreja, \u00e9 a\u00e7\u00e3o sagrada por excel\u00eancia. Entretanto, muitos cat\u00f3licos a desconhecem.<\/p>\n<p style=\"text-align: justify\">Este livro apresenta de maneira condensada, o rico sentido da Liturgia e os significados dos termos lit\u00fargicos, dos sinais usados, das vestes e objetos lit\u00fargicos, das cores, do rito lit\u00fargico, do Tempo Lit\u00fargico, da Liturgia das Horas, e das principais normas aprovadas para a celebra\u00e7\u00e3o da Santa Missa contidas na Instru\u00e7\u00e3o Geral do Missal Romano.<\/p>\n<p>\u00a0<a href=\"http:\/\/loja.cancaonova.com\/products\/9459-livro-para-entender-e-celebrar-a-liturgia\">http:\/\/loja.cancaonova.com\/products\/9459-livro-para-entender-e-celebrar-a-liturgia<\/a><\/p>\n<p>Obrigado por doar uma parte do seu tempo na Evangeliza\u00e7\u00e3o das crian\u00e7as.<\/p>\n<p>Deus aben\u00e7oe.<\/p>\n<p style=\"text-align: justify\">\n<\/div>\n","protected":false},"excerpt":{"rendered":"<p>Calend\u00e1rio Liturgico Para viver melhor com a Igreja cada tempo Liturgico \u00e9 preciso conhecer o significado de cada um deles. Para voc\u00ea se aprofundar no tema sugerimos esse Livro: Para entender e celebrar a Liturgia. Professor Felipe Aquino. Atrav\u00e9s da&#8230;<\/p>\n","protected":false},"author":4340,"featured_media":0,"comment_status":"open","ping_status":"open","sticky":false,"template":"","format":"standard","meta":{"_mi_skip_tracking":false,"_monsterinsights_sitenote_active":false,"_monsterinsights_sitenote_note":"","_monsterinsights_sitenote_category":0,"footnotes":""},"categories":[27817],"tags":[27000,27981,48],"_links":{"self":[{"href":"https:\/\/blog.cancaonova.com\/paisecatequistas\/wp-json\/wp\/v2\/posts\/5427"}],"collection":[{"href":"https:\/\/blog.cancaonova.com\/paisecatequistas\/wp-json\/wp\/v2\/posts"}],"about":[{"href":"https:\/\/blog.cancaonova.com\/paisecatequistas\/wp-json\/wp\/v2\/types\/post"}],"author":[{"embeddable":true,"href":"https:\/\/blog.cancaonova.com\/paisecatequistas\/wp-json\/wp\/v2\/users\/4340"}],"replies":[{"embeddable":true,"href":"https:\/\/blog.cancaonova.com\/paisecatequistas\/wp-json\/wp\/v2\/comments?post=5427"}],"version-history":[{"count":5,"href":"https:\/\/blog.cancaonova.com\/paisecatequistas\/wp-json\/wp\/v2\/posts\/5427\/revisions"}],"predecessor-version":[{"id":7032,"href":"https:\/\/blog.cancaonova.com\/paisecatequistas\/wp-json\/wp\/v2\/posts\/5427\/revisions\/7032"}],"wp:attachment":[{"href":"https:\/\/blog.cancaonova.com\/paisecatequistas\/wp-json\/wp\/v2\/media?parent=5427"}],"wp:term":[{"taxonomy":"category","embeddable":true,"href":"https:\/\/blog.cancaonova.com\/paisecatequistas\/wp-json\/wp\/v2\/categories?post=5427"},{"taxonomy":"post_tag","embeddable":true,"href":"https:\/\/blog.cancaonova.com\/paisecatequistas\/wp-json\/wp\/v2\/tags?post=5427"}],"curies":[{"name":"wp","href":"https:\/\/api.w.org\/{rel}","templated":true}]}}