{"id":5450,"date":"2015-10-04T08:00:30","date_gmt":"2015-10-04T10:00:30","guid":{"rendered":"http:\/\/blog.cancaonova.com\/paisecatequistas\/?p=5450"},"modified":"2015-10-02T11:03:03","modified_gmt":"2015-10-02T13:03:03","slug":"sao-francisco-de-assis","status":"publish","type":"post","link":"https:\/\/blog.cancaonova.com\/paisecatequistas\/sao-francisco-de-assis\/","title":{"rendered":"S\u00e3o Francisco de Assis"},"content":{"rendered":"<p><strong>Deus \u00e9 um Pai\u00a0 t\u00e3o bom que \u00e9 uma m\u00e3e! (S\u00e3o Francisco)<\/strong><\/p>\n<p><a href=\"http:\/\/blog.cancaonova.com\/paisecatequistas\/files\/2012\/10\/post_franciskinho1.jpg\"><img loading=\"lazy\" decoding=\"async\" class=\"aligncenter size-medium wp-image-5452\" src=\"http:\/\/blog.cancaonova.com\/paisecatequistas\/files\/2012\/10\/post_franciskinho1-239x300.jpg\" alt=\"\" width=\"239\" height=\"300\" srcset=\"https:\/\/blog.cancaonova.com\/paisecatequistas\/files\/2012\/10\/post_franciskinho1-239x300.jpg 239w, https:\/\/blog.cancaonova.com\/paisecatequistas\/files\/2012\/10\/post_franciskinho1.jpg 400w\" sizes=\"(max-width: 239px) 100vw, 239px\" \/><\/a><\/p>\n<p>Voc\u00ea quer conhecer melhor a hist\u00f3ria desse santinho t\u00e3o amado por todos!<\/p>\n<p>Foi ele quem inventou o Pres\u00e9pio,\u00a0 tinha um amor pelos animais e junto com toda cria\u00e7ao louvava a Deus.<\/p>\n<p>Ent\u00e3o acesse: <a href=\"http:\/\/blog.cancaonova.com\/amigosdoceu\/2012\/10\/04\/sao-francisco-de-assis\/\">http:\/\/blog.cancaonova.com\/amigosdoceu\/2012\/10\/04\/sao-francisco-de-assis\/<\/a><\/p>\n<p>S\u00e3o Francisco de Assis, rogai por n\u00f3s!<\/p>\n<p>Para colorir:<\/p>\n<p><a href=\"http:\/\/blog.cancaonova.com\/paisecatequistas\/files\/2012\/10\/sao_francisco-para-colorir1.jpg\"><img loading=\"lazy\" decoding=\"async\" class=\"aligncenter size-medium wp-image-5453\" src=\"http:\/\/blog.cancaonova.com\/paisecatequistas\/files\/2012\/10\/sao_francisco-para-colorir1-199x300.jpg\" alt=\"\" width=\"199\" height=\"300\" srcset=\"https:\/\/blog.cancaonova.com\/paisecatequistas\/files\/2012\/10\/sao_francisco-para-colorir1-199x300.jpg 199w, https:\/\/blog.cancaonova.com\/paisecatequistas\/files\/2012\/10\/sao_francisco-para-colorir1.jpg 531w\" sizes=\"(max-width: 199px) 100vw, 199px\" \/><\/a><\/p>\n<p><a href=\"http:\/\/blog.cancaonova.com\/paisecatequistas\/files\/2012\/10\/sao_franciskinho_imprimir1.jpg\"><img loading=\"lazy\" decoding=\"async\" class=\"aligncenter size-medium wp-image-5454\" src=\"http:\/\/blog.cancaonova.com\/paisecatequistas\/files\/2012\/10\/sao_franciskinho_imprimir1-212x300.jpg\" alt=\"\" width=\"212\" height=\"300\" srcset=\"https:\/\/blog.cancaonova.com\/paisecatequistas\/files\/2012\/10\/sao_franciskinho_imprimir1-212x300.jpg 212w, https:\/\/blog.cancaonova.com\/paisecatequistas\/files\/2012\/10\/sao_franciskinho_imprimir1-723x1024.jpg 723w, https:\/\/blog.cancaonova.com\/paisecatequistas\/files\/2012\/10\/sao_franciskinho_imprimir1.jpg 1240w\" sizes=\"(max-width: 212px) 100vw, 212px\" \/><\/a><\/p>\n","protected":false},"excerpt":{"rendered":"<p>Deus \u00e9 um Pai\u00a0 t\u00e3o bom que \u00e9 uma m\u00e3e! (S\u00e3o Francisco) Voc\u00ea quer conhecer melhor a hist\u00f3ria desse santinho t\u00e3o amado por todos! Foi ele quem inventou o Pres\u00e9pio,\u00a0 tinha um amor pelos animais e junto com toda cria\u00e7ao&#8230;<\/p>\n","protected":false},"author":4340,"featured_media":0,"comment_status":"open","ping_status":"open","sticky":false,"template":"","format":"standard","meta":{"_mi_skip_tracking":false,"_monsterinsights_sitenote_active":false,"_monsterinsights_sitenote_note":"","_monsterinsights_sitenote_category":0,"footnotes":""},"categories":[16089],"tags":[29561,17822,7761],"_links":{"self":[{"href":"https:\/\/blog.cancaonova.com\/paisecatequistas\/wp-json\/wp\/v2\/posts\/5450"}],"collection":[{"href":"https:\/\/blog.cancaonova.com\/paisecatequistas\/wp-json\/wp\/v2\/posts"}],"about":[{"href":"https:\/\/blog.cancaonova.com\/paisecatequistas\/wp-json\/wp\/v2\/types\/post"}],"author":[{"embeddable":true,"href":"https:\/\/blog.cancaonova.com\/paisecatequistas\/wp-json\/wp\/v2\/users\/4340"}],"replies":[{"embeddable":true,"href":"https:\/\/blog.cancaonova.com\/paisecatequistas\/wp-json\/wp\/v2\/comments?post=5450"}],"version-history":[{"count":4,"href":"https:\/\/blog.cancaonova.com\/paisecatequistas\/wp-json\/wp\/v2\/posts\/5450\/revisions"}],"predecessor-version":[{"id":6999,"href":"https:\/\/blog.cancaonova.com\/paisecatequistas\/wp-json\/wp\/v2\/posts\/5450\/revisions\/6999"}],"wp:attachment":[{"href":"https:\/\/blog.cancaonova.com\/paisecatequistas\/wp-json\/wp\/v2\/media?parent=5450"}],"wp:term":[{"taxonomy":"category","embeddable":true,"href":"https:\/\/blog.cancaonova.com\/paisecatequistas\/wp-json\/wp\/v2\/categories?post=5450"},{"taxonomy":"post_tag","embeddable":true,"href":"https:\/\/blog.cancaonova.com\/paisecatequistas\/wp-json\/wp\/v2\/tags?post=5450"}],"curies":[{"name":"wp","href":"https:\/\/api.w.org\/{rel}","templated":true}]}}