{"id":5701,"date":"2013-01-23T09:00:53","date_gmt":"2013-01-23T11:00:53","guid":{"rendered":"http:\/\/blog.cancaonova.com\/paisecatequistas\/?p=5701"},"modified":"2013-01-11T10:11:58","modified_gmt":"2013-01-11T12:11:58","slug":"livro-quando-a-familia-reza-ricardo-sa-eliana-du","status":"publish","type":"post","link":"https:\/\/blog.cancaonova.com\/paisecatequistas\/livro-quando-a-familia-reza-ricardo-sa-eliana-du\/","title":{"rendered":"Livro \"Quando a Fam\u00edlia Reza\" (Ricardo S\u00e1 \/ Eliana \/ D\u00fa)"},"content":{"rendered":"<p style=\"text-align: justify\"><a href=\"http:\/\/blog.cancaonova.com\/paisecatequistas\/files\/2013\/01\/01.01670.jpg\"><img loading=\"lazy\" decoding=\"async\" class=\"aligncenter size-full wp-image-5702\" src=\"http:\/\/blog.cancaonova.com\/paisecatequistas\/files\/2013\/01\/01.01670.jpg\" alt=\"\" width=\"1200\" height=\"1200\" srcset=\"https:\/\/blog.cancaonova.com\/paisecatequistas\/files\/2013\/01\/01.01670.jpg 1200w, https:\/\/blog.cancaonova.com\/paisecatequistas\/files\/2013\/01\/01.01670-150x150.jpg 150w, https:\/\/blog.cancaonova.com\/paisecatequistas\/files\/2013\/01\/01.01670-300x300.jpg 300w, https:\/\/blog.cancaonova.com\/paisecatequistas\/files\/2013\/01\/01.01670-1024x1024.jpg 1024w\" sizes=\"(max-width: 1200px) 100vw, 1200px\" \/><\/a>O desafio da vida de ora\u00e7\u00e3o e espiritualidade persiste em Ricardo e Eliana S\u00e1, mas desta vez em &#8220;fam\u00edlia&#8221;. Com a colabora\u00e7\u00e3o do \u00fanico filho do casal, o D\u00fa, que participou e se envolveu ativamente nesta realiza\u00e7\u00e3o, e baseando-se na mesma proposta do bem-sucedido livro Quando o Casal Reza&#8230;, este novo guia objetiva ajudar cada fam\u00edlia a descobrir a melhor pedagogia para se adequar ao plano de Deus e ser, como Ele sempre quis, um lugar de amor.<\/p>\n<ul>\n<li><a href=\"http:\/\/vobr.webtvcn.com\/porta_a_porta\/Quando_a_fam%C2%A1lia_reza_1_cap.pdf\" target=\"_blank\">Clique aqui para baixar o primeiro cap\u00edtulo<\/a><\/li>\n<li><a href=\"http:\/\/loja.cancaonova.com\/products\/15502-livro-quando-a-familia-reza\" target=\"_blank\">Clique aqui para compra o livro<\/a><\/li>\n<\/ul>\n","protected":false},"excerpt":{"rendered":"<p>O desafio da vida de ora\u00e7\u00e3o e espiritualidade persiste em Ricardo e Eliana S\u00e1, mas desta vez em &#8220;fam\u00edlia&#8221;. Com a colabora\u00e7\u00e3o do \u00fanico filho do casal, o D\u00fa, que participou e se envolveu ativamente nesta realiza\u00e7\u00e3o, e baseando-se na&#8230;<\/p>\n","protected":false},"author":4340,"featured_media":0,"comment_status":"open","ping_status":"open","sticky":false,"template":"","format":"standard","meta":{"_mi_skip_tracking":false,"_monsterinsights_sitenote_active":false,"_monsterinsights_sitenote_note":"","_monsterinsights_sitenote_category":0,"footnotes":""},"categories":[27817],"tags":[],"_links":{"self":[{"href":"https:\/\/blog.cancaonova.com\/paisecatequistas\/wp-json\/wp\/v2\/posts\/5701"}],"collection":[{"href":"https:\/\/blog.cancaonova.com\/paisecatequistas\/wp-json\/wp\/v2\/posts"}],"about":[{"href":"https:\/\/blog.cancaonova.com\/paisecatequistas\/wp-json\/wp\/v2\/types\/post"}],"author":[{"embeddable":true,"href":"https:\/\/blog.cancaonova.com\/paisecatequistas\/wp-json\/wp\/v2\/users\/4340"}],"replies":[{"embeddable":true,"href":"https:\/\/blog.cancaonova.com\/paisecatequistas\/wp-json\/wp\/v2\/comments?post=5701"}],"version-history":[{"count":2,"href":"https:\/\/blog.cancaonova.com\/paisecatequistas\/wp-json\/wp\/v2\/posts\/5701\/revisions"}],"predecessor-version":[{"id":5704,"href":"https:\/\/blog.cancaonova.com\/paisecatequistas\/wp-json\/wp\/v2\/posts\/5701\/revisions\/5704"}],"wp:attachment":[{"href":"https:\/\/blog.cancaonova.com\/paisecatequistas\/wp-json\/wp\/v2\/media?parent=5701"}],"wp:term":[{"taxonomy":"category","embeddable":true,"href":"https:\/\/blog.cancaonova.com\/paisecatequistas\/wp-json\/wp\/v2\/categories?post=5701"},{"taxonomy":"post_tag","embeddable":true,"href":"https:\/\/blog.cancaonova.com\/paisecatequistas\/wp-json\/wp\/v2\/tags?post=5701"}],"curies":[{"name":"wp","href":"https:\/\/api.w.org\/{rel}","templated":true}]}}