{"id":5775,"date":"2016-03-08T10:43:53","date_gmt":"2016-03-08T12:43:53","guid":{"rendered":"http:\/\/blog.cancaonova.com\/paisecatequistas\/?p=5775"},"modified":"2016-03-08T11:41:21","modified_gmt":"2016-03-08T13:41:21","slug":"nao-peques-mais","status":"publish","type":"post","link":"https:\/\/blog.cancaonova.com\/paisecatequistas\/nao-peques-mais\/","title":{"rendered":"Perdoar \u00e9 Amar"},"content":{"rendered":"<h2>5\u00ba Semana da Quaresma<\/h2>\n<h3>Quem dentre v\u00f3s n\u00e3o tiver pecado, atire a primeira pedra!<\/h3>\n<h3 style=\"text-align: right\">Jo 8, 1-11<\/h3>\n<p><a href=\"http:\/\/blog.cancaonova.com\/paisecatequistas\/files\/2013\/03\/Vai.jpg\"><img loading=\"lazy\" decoding=\"async\" class=\"aligncenter size-full wp-image-5782\" src=\"http:\/\/blog.cancaonova.com\/paisecatequistas\/files\/2013\/03\/Vai.jpg\" alt=\"\" width=\"1594\" height=\"2185\" srcset=\"https:\/\/blog.cancaonova.com\/paisecatequistas\/files\/2013\/03\/Vai.jpg 1594w, https:\/\/blog.cancaonova.com\/paisecatequistas\/files\/2013\/03\/Vai-218x300.jpg 218w, https:\/\/blog.cancaonova.com\/paisecatequistas\/files\/2013\/03\/Vai-747x1024.jpg 747w\" sizes=\"(max-width: 1594px) 100vw, 1594px\" \/><\/a><\/p>\n<p>Quem dentre v\u00f3s n\u00e3o tiver pecado, atire a primeira pedra!<\/p>\n<p>Vai, e de agora em diante n\u00e3o peques mais&#8230;<\/p>\n<p style=\"text-align: justify\">Essa foi\u00a0 a ordem que Jesus deu aquela mulher pega em adulterio. Os escribas e fariseus queriam apedreja-la como ensina a Lei de Moiseis, mas Jesus sabendo das inten\u00e7\u00f5es dos escribas e fariseus,\u00a0 nos d\u00e1 uma grande li\u00e7\u00e3o. Quem n\u00e3o tiver pecado, atire a primeira pedra.<\/p>\n<p style=\"text-align: justify\">A nossa atitude precisa ser tamb\u00e9m a de Jesus, acolher o outro com miseric\u00f3rdia e indicar o caminho certo. Por outro lado precisamos tamb\u00e9m escutar o que Jesus disse aquela mulher. Vai, e de agora em diante n\u00e3o peques mais.<\/p>\n<p style=\"text-align: justify\">Este \u00e9 um tempo propicio para lutar contra o pecado, estamos na quaresma, nos aproximando da Semana Santa, onde experimentaremos o grande amor de Jesus por n\u00f3s.<\/p>\n<p>Essa mesma mulher depois lavou os p\u00e9s de Jesus. Ao ser perdoada por Jesus, ela demonstrou toda a sua gratid\u00e3o.<\/p>\n<h3>Vamos colorir<\/h3>\n<p><a href=\"http:\/\/blog.cancaonova.com\/paisecatequistas\/files\/2014\/04\/colorir-post-1-.jpg\"><img loading=\"lazy\" decoding=\"async\" class=\"aligncenter size-full wp-image-7537\" src=\"http:\/\/blog.cancaonova.com\/paisecatequistas\/files\/2014\/04\/colorir-post-1-.jpg\" alt=\"colorir post 1\" width=\"600\" height=\"800\" srcset=\"https:\/\/blog.cancaonova.com\/paisecatequistas\/files\/2014\/04\/colorir-post-1-.jpg 600w, https:\/\/blog.cancaonova.com\/paisecatequistas\/files\/2014\/04\/colorir-post-1--225x300.jpg 225w, https:\/\/blog.cancaonova.com\/paisecatequistas\/files\/2014\/04\/colorir-post-1--150x200.jpg 150w\" sizes=\"(max-width: 600px) 100vw, 600px\" \/><\/a><\/p>\n<h3>O Janj\u00e3o conta essa hist\u00f3ria para n\u00f3s!<\/h3>\n<iframe loading=\"lazy\" width=\"420\" height=\"315\" src=\"https:\/\/www.youtube.com\/embed\/DGegYX4zMe8\" frameborder=\"0\" allowfullscreen><\/iframe>\n","protected":false},"excerpt":{"rendered":"<p>5\u00ba Semana da Quaresma Quem dentre v\u00f3s n\u00e3o tiver pecado, atire a primeira pedra! Jo 8, 1-11 Quem dentre v\u00f3s n\u00e3o tiver pecado, atire a primeira pedra! Vai, e de agora em diante n\u00e3o peques mais&#8230; Essa foi\u00a0 a ordem&#8230;<\/p>\n","protected":false},"author":4340,"featured_media":0,"comment_status":"open","ping_status":"open","sticky":false,"template":"","format":"standard","meta":{"_mi_skip_tracking":false,"_monsterinsights_sitenote_active":false,"_monsterinsights_sitenote_note":"","_monsterinsights_sitenote_category":0,"footnotes":""},"categories":[17601],"tags":[],"_links":{"self":[{"href":"https:\/\/blog.cancaonova.com\/paisecatequistas\/wp-json\/wp\/v2\/posts\/5775"}],"collection":[{"href":"https:\/\/blog.cancaonova.com\/paisecatequistas\/wp-json\/wp\/v2\/posts"}],"about":[{"href":"https:\/\/blog.cancaonova.com\/paisecatequistas\/wp-json\/wp\/v2\/types\/post"}],"author":[{"embeddable":true,"href":"https:\/\/blog.cancaonova.com\/paisecatequistas\/wp-json\/wp\/v2\/users\/4340"}],"replies":[{"embeddable":true,"href":"https:\/\/blog.cancaonova.com\/paisecatequistas\/wp-json\/wp\/v2\/comments?post=5775"}],"version-history":[{"count":6,"href":"https:\/\/blog.cancaonova.com\/paisecatequistas\/wp-json\/wp\/v2\/posts\/5775\/revisions"}],"predecessor-version":[{"id":7539,"href":"https:\/\/blog.cancaonova.com\/paisecatequistas\/wp-json\/wp\/v2\/posts\/5775\/revisions\/7539"}],"wp:attachment":[{"href":"https:\/\/blog.cancaonova.com\/paisecatequistas\/wp-json\/wp\/v2\/media?parent=5775"}],"wp:term":[{"taxonomy":"category","embeddable":true,"href":"https:\/\/blog.cancaonova.com\/paisecatequistas\/wp-json\/wp\/v2\/categories?post=5775"},{"taxonomy":"post_tag","embeddable":true,"href":"https:\/\/blog.cancaonova.com\/paisecatequistas\/wp-json\/wp\/v2\/tags?post=5775"}],"curies":[{"name":"wp","href":"https:\/\/api.w.org\/{rel}","templated":true}]}}