{"id":5928,"date":"2013-05-08T09:00:55","date_gmt":"2013-05-08T11:00:55","guid":{"rendered":"http:\/\/blog.cancaonova.com\/paisecatequistas\/?p=5928"},"modified":"2013-04-09T09:52:24","modified_gmt":"2013-04-09T11:52:24","slug":"jesus-foi-elevado-ao-ceu","status":"publish","type":"post","link":"https:\/\/blog.cancaonova.com\/paisecatequistas\/jesus-foi-elevado-ao-ceu\/","title":{"rendered":"Sois minha testemunha"},"content":{"rendered":"<p><a href=\"http:\/\/blog.cancaonova.com\/paisecatequistas\/files\/2013\/05\/evangelho-maio.jpg\"><\/a>\u00a0<\/p>\n<p>Evangelho \u2013 Lc 24,46-53<\/p>\n<p><a href=\"http:\/\/blog.cancaonova.com\/paisecatequistas\/files\/2013\/05\/Evangelho-Colorir2.jpg\"><img loading=\"lazy\" decoding=\"async\" class=\"aligncenter size-full wp-image-5980\" src=\"http:\/\/blog.cancaonova.com\/paisecatequistas\/files\/2013\/05\/Evangelho-Colorir2.jpg\" alt=\"\" width=\"600\" height=\"800\" srcset=\"https:\/\/blog.cancaonova.com\/paisecatequistas\/files\/2013\/05\/Evangelho-Colorir2.jpg 600w, https:\/\/blog.cancaonova.com\/paisecatequistas\/files\/2013\/05\/Evangelho-Colorir2-225x300.jpg 225w\" sizes=\"(max-width: 600px) 100vw, 600px\" \/><\/a><\/p>\n<p>Neste trecho do Evangelho Jesus abre a inteligencia dos discipulos para que eles entendam melhor as escrituras.<\/p>\n<p>Jesus passou pela paix\u00e3o, morte e ressurrei\u00e7\u00e3o por amor a cada um de n\u00f3s e para nos salvar. E os seus discipulos viram tudo isso acontecer.<\/p>\n<p>O que Jesus pedia deles agora era, testemunhar. Jesus lhes disse: V\u00f3s sois as testemunhas dessas coisas. Esperem aqui para que sejais revestidos da for\u00e7a do alto.<\/p>\n<p>E na presen\u00e7a deles Jesus foi elevado ao C\u00e9u.<\/p>\n<p>Hoje n\u00f3s somos os discipulos de Jesus e n\u00e3o podemos ter receio, medo de testemunhar. Temos a gra\u00e7a do Espirito Santo que nos encoraja e nos reanima.<\/p>\n<p>Para que nosso testemunho seja eficaz precisamos sermos intimos de Jesus, e a intimidade se conquista pela vida de ora\u00e7\u00e3o.<\/p>\n<p>Como anda seu relacionamento com Deus? Quais s\u00e3o os frutos da sua evangeliza\u00e7\u00e3o?<\/p>\n<p>Estamos no ano da F\u00e9, tempo de nos aproximar de Jesus e testemunha-lo com coragem e ousadia.<\/p>\n","protected":false},"excerpt":{"rendered":"<p>\u00a0 Evangelho \u2013 Lc 24,46-53 Neste trecho do Evangelho Jesus abre a inteligencia dos discipulos para que eles entendam melhor as escrituras. Jesus passou pela paix\u00e3o, morte e ressurrei\u00e7\u00e3o por amor a cada um de n\u00f3s e para nos salvar&#8230;.<\/p>\n","protected":false},"author":4340,"featured_media":0,"comment_status":"open","ping_status":"open","sticky":false,"template":"","format":"standard","meta":{"_mi_skip_tracking":false,"_monsterinsights_sitenote_active":false,"_monsterinsights_sitenote_note":"","_monsterinsights_sitenote_category":0,"footnotes":""},"categories":[17601],"tags":[],"_links":{"self":[{"href":"https:\/\/blog.cancaonova.com\/paisecatequistas\/wp-json\/wp\/v2\/posts\/5928"}],"collection":[{"href":"https:\/\/blog.cancaonova.com\/paisecatequistas\/wp-json\/wp\/v2\/posts"}],"about":[{"href":"https:\/\/blog.cancaonova.com\/paisecatequistas\/wp-json\/wp\/v2\/types\/post"}],"author":[{"embeddable":true,"href":"https:\/\/blog.cancaonova.com\/paisecatequistas\/wp-json\/wp\/v2\/users\/4340"}],"replies":[{"embeddable":true,"href":"https:\/\/blog.cancaonova.com\/paisecatequistas\/wp-json\/wp\/v2\/comments?post=5928"}],"version-history":[{"count":5,"href":"https:\/\/blog.cancaonova.com\/paisecatequistas\/wp-json\/wp\/v2\/posts\/5928\/revisions"}],"predecessor-version":[{"id":5931,"href":"https:\/\/blog.cancaonova.com\/paisecatequistas\/wp-json\/wp\/v2\/posts\/5928\/revisions\/5931"}],"wp:attachment":[{"href":"https:\/\/blog.cancaonova.com\/paisecatequistas\/wp-json\/wp\/v2\/media?parent=5928"}],"wp:term":[{"taxonomy":"category","embeddable":true,"href":"https:\/\/blog.cancaonova.com\/paisecatequistas\/wp-json\/wp\/v2\/categories?post=5928"},{"taxonomy":"post_tag","embeddable":true,"href":"https:\/\/blog.cancaonova.com\/paisecatequistas\/wp-json\/wp\/v2\/tags?post=5928"}],"curies":[{"name":"wp","href":"https:\/\/api.w.org\/{rel}","templated":true}]}}