{"id":5955,"date":"2013-05-22T08:00:44","date_gmt":"2013-05-22T10:00:44","guid":{"rendered":"http:\/\/blog.cancaonova.com\/paisecatequistas\/?p=5955"},"modified":"2013-04-09T09:49:09","modified_gmt":"2013-04-09T11:49:09","slug":"o-espirito-da-verdade","status":"publish","type":"post","link":"https:\/\/blog.cancaonova.com\/paisecatequistas\/o-espirito-da-verdade\/","title":{"rendered":"O Espirito da verdade"},"content":{"rendered":"<p>Evangelho &#8211; Jo 14, 23-29<\/p>\n<p><a href=\"http:\/\/blog.cancaonova.com\/paisecatequistas\/files\/2013\/05\/Evangelho-Colorir1.jpg\"><img loading=\"lazy\" decoding=\"async\" class=\"aligncenter size-full wp-image-5978\" src=\"http:\/\/blog.cancaonova.com\/paisecatequistas\/files\/2013\/05\/Evangelho-Colorir1.jpg\" alt=\"\" width=\"600\" height=\"800\" srcset=\"https:\/\/blog.cancaonova.com\/paisecatequistas\/files\/2013\/05\/Evangelho-Colorir1.jpg 600w, https:\/\/blog.cancaonova.com\/paisecatequistas\/files\/2013\/05\/Evangelho-Colorir1-225x300.jpg 225w\" sizes=\"(max-width: 600px) 100vw, 600px\" \/><\/a><\/p>\n<p><a href=\"http:\/\/blog.cancaonova.com\/paisecatequistas\/files\/2013\/03\/evangelho-maio-2.jpg\"><\/a><\/p>\n<p>Quando por\u00e9m, vier o Defensor que eu vos enviarei da parte do Pai, o Espirito da Verdade, que procede do Pai, ele dar\u00e1 testemunho de mim. \u00a0(Jo 15, 26)<\/p>\n<p>\u00c9 o Espirito Santo quem nos molda a imagem e semelhan\u00e7a de Deus, \u00e9 Ele quem nos ensina sobre as coisas do alto. \u00c9 ele quem nos esclarece a verdade sobre Deus.<\/p>\n<p>Espirito Santo \u00e9 o nome pr\u00f3prio da terceira Pessoa da Santissima Trindade. Jesus o chama tamb\u00e9m de Espirito Par\u00e1clito (Consolador, Advogado) e Espirito de Verdade. O Novo Testamento o chama tamb\u00e9m de Espirito de Cristo, do Senhor, de Deus, Espirito da gl\u00f3ria, da promessa. (Compendio do Catecismo da Igreja Cat\u00f3lica)<\/p>\n<p>O Espirito Santo \u00e9 o Mestre da ora\u00e7\u00e3o. Vamos contar com a ajuda dele para cultivar nosso relacionamento com Deus e produzir muitos frutos.<\/p>\n<p>Deus aben\u00e7oe.<\/p>\n","protected":false},"excerpt":{"rendered":"<p>Evangelho &#8211; Jo 14, 23-29 Quando por\u00e9m, vier o Defensor que eu vos enviarei da parte do Pai, o Espirito da Verdade, que procede do Pai, ele dar\u00e1 testemunho de mim. \u00a0(Jo 15, 26) \u00c9 o Espirito Santo quem nos&#8230;<\/p>\n","protected":false},"author":4340,"featured_media":0,"comment_status":"open","ping_status":"open","sticky":false,"template":"","format":"standard","meta":{"_mi_skip_tracking":false,"_monsterinsights_sitenote_active":false,"_monsterinsights_sitenote_note":"","_monsterinsights_sitenote_category":0,"footnotes":""},"categories":[17601],"tags":[],"_links":{"self":[{"href":"https:\/\/blog.cancaonova.com\/paisecatequistas\/wp-json\/wp\/v2\/posts\/5955"}],"collection":[{"href":"https:\/\/blog.cancaonova.com\/paisecatequistas\/wp-json\/wp\/v2\/posts"}],"about":[{"href":"https:\/\/blog.cancaonova.com\/paisecatequistas\/wp-json\/wp\/v2\/types\/post"}],"author":[{"embeddable":true,"href":"https:\/\/blog.cancaonova.com\/paisecatequistas\/wp-json\/wp\/v2\/users\/4340"}],"replies":[{"embeddable":true,"href":"https:\/\/blog.cancaonova.com\/paisecatequistas\/wp-json\/wp\/v2\/comments?post=5955"}],"version-history":[{"count":5,"href":"https:\/\/blog.cancaonova.com\/paisecatequistas\/wp-json\/wp\/v2\/posts\/5955\/revisions"}],"predecessor-version":[{"id":5961,"href":"https:\/\/blog.cancaonova.com\/paisecatequistas\/wp-json\/wp\/v2\/posts\/5955\/revisions\/5961"}],"wp:attachment":[{"href":"https:\/\/blog.cancaonova.com\/paisecatequistas\/wp-json\/wp\/v2\/media?parent=5955"}],"wp:term":[{"taxonomy":"category","embeddable":true,"href":"https:\/\/blog.cancaonova.com\/paisecatequistas\/wp-json\/wp\/v2\/categories?post=5955"},{"taxonomy":"post_tag","embeddable":true,"href":"https:\/\/blog.cancaonova.com\/paisecatequistas\/wp-json\/wp\/v2\/tags?post=5955"}],"curies":[{"name":"wp","href":"https:\/\/api.w.org\/{rel}","templated":true}]}}